{"id":171197,"date":"2018-02-26T12:29:46","date_gmt":"2018-02-26T12:29:46","guid":{"rendered":"http:\/\/diariodominicano.ddns.net\/?p=171197"},"modified":"2018-02-26T12:29:46","modified_gmt":"2018-02-26T12:29:46","slug":"radhames-jimenez-afirma-en-actividades-promueven-la-unidad-y-defienden-gestion-de-gobierno","status":"publish","type":"post","link":"https:\/\/diariodominicano.com\/?p=171197","title":{"rendered":"Radham\u00e9s Jim\u00e9nez afirma en actividades  promueven  la unidad y defienden  gesti\u00f3n de gobierno"},"content":{"rendered":"<p><body><\/p>\n<\/p>\n<p><strong>SANTO DOMINGO, RD, 26 de febrero de 2018.-<\/strong> Radham\u00e9s Jim\u00e9nez Pe\u00f1a, miembro del Comit\u00e9 Pol\u00edtico del Partido de la Liberaci\u00f3n Dominicana (PLD), afirm\u00f3 este lunes que la responsabilidad y compromiso  de la dirigencia  pelede\u00edsta es respaldar  y defender la obra  de gobierno encabezada por Danilo Medina, para garantizar , como sucede, una buena gesti\u00f3n, que se pueda presentar como logros a exhibir por esa organizaci\u00f3n.<\/p>\n<\/p>\n<p>\u00abUna de las premisas b\u00e1sicas para que el PLD siga en el gobierno es que realicemos un buen gobierno\u00bb declar\u00f3   Jim\u00e9nez Pe\u00f1a, apuntando que ese el concepto que pregona u enarbola el presidente del PLD, Leonel Fern\u00e1ndez, ex presidente de la Republica. <\/p>\n<\/p>\n<p>El tambi\u00e9n titular de la Secretar\u00eda de Asuntos Jur\u00eddicos del Partido de la Liberaci\u00f3n Dominicana explic\u00f3 en ese sentido  que las  asambleas con dirigentes de esa organizaci\u00f3n en las que ha participado, as\u00ed como otros dirigentes nacionales pelede\u00edstas,  se centran en la  promoci\u00f3n de la unidad y la defensa al gobierno.<\/p>\n<\/p>\n<p>\u00abSiempre ha dicho  que la oposici\u00f3n no gana elecciones, las elecciones las pierden los gobiernos. Un gobierno desastroso, un gobierno que eche el pa\u00eds a pique significa que no va a retener al poder no importa el partido que tenga atr\u00e1s\u00bb, subray\u00f3 el dirigente en su entrevista en el programa Hoy Mismo, citando al ex presidente Leonel Fern\u00e1ndez.<\/p>\n<\/p>\n<p>Asegur\u00f3 que m\u00e1s del 90 por ciento de lo expresado en las conferencias regionales y municipales es en defensa de la gesti\u00f3n de gobierno encabezada por el actual presidente Danilo Medina y que debe servir de orgullo a cada militante.<\/p>\n<\/p>\n<p>En ese sentido considero como ideal que la gesti\u00f3n de gobierno del presidente Danilo  Medina, contin\u00fae siendo exitosa como lo est\u00e1 haciendo porque eso significa que el candidato o candidata que escoja   Partido de la Liberaci\u00f3n Dominicana para las pr\u00f3ximas elecciones  va en mejores condiciones de competir.<\/p>\n<\/p>\n<p>Radham\u00e9s Jim\u00e9nez Pe\u00f1a indic\u00f3 que el ciclo de conferencia en la que est\u00e1n inmerso algunos dirigentes del PLD lo que hacen es dinamizar al Partido de la Liberaci\u00f3n Dominicana y darle los elementos  para que est\u00e9n en condiciones de defender las gestiones de gobierno de esa organizaci\u00f3n<\/p>\n<h6> 2018-02-26 12:29:46 <\/h6>\n<p><!--\n<link rel=\"stylesheet\" href=\"css\/bootstrap.min.css\">\n\n\n<ul class=\"pagination\">\n\t    \n\t\n\n<li >\n\t<a href='?page_no=6526'>Previous<\/a>\n\t<\/li>\n\n\n       \n    \n\n<li><a href='?page_no=1'>1<\/a><\/li>\n\n\n\n<li><a href='?page_no=2'>2<\/a><\/li>\n\n\n\n<li><a>...<\/a><\/li>\n\n\n\n<li><a href='?page_no=6525'>6525<\/a><\/li>\n\n\n\n<li><a href='?page_no=6526'>6526<\/a><\/li>\n\n\n\n<li class='active'><a>6527<\/a><\/li>\n\n\n\n<li><a href='?page_no=6528'>6528<\/a><\/li>\n\n\n\n<li><a href='?page_no=6529'>6529<\/a><\/li>\n\n\n\n<li><a>...<\/a><\/li>\n\n\n\n<li><a href='?page_no=36999'>36999<\/a><\/li>\n\n\n\n<li><a href='?page_no=37000'>37000<\/a><\/li>\n\n    \n\t\n\n<li >\n\t<a href='?page_no=6528'>Next<\/a>\n\t<\/li>\n\n\n    \n\n<li><a href='?page_no=37000'>Last &rsaquo;&rsaquo;<\/a><\/li>\n\n<\/ul>\n\n\n--><br \/>\n<\/body><\/p>\n","protected":false},"excerpt":{"rendered":"<p>SANTO DOMINGO, RD, 26 de febrero de 2018.- Radham\u00e9s Jim\u00e9nez Pe\u00f1a, miembro del Comit\u00e9 Pol\u00edtico del Partido de la Liberaci\u00f3n Dominicana (PLD), afirm\u00f3 este lunes que la responsabilidad y compromiso de la dirigencia pelede\u00edsta es respaldar y defender la obra de gobierno encabezada por Danilo Medina, para garantizar , como sucede, una buena gesti\u00f3n, que [&hellip;]<\/p>\n","protected":false},"author":3,"featured_media":0,"comment_status":"open","ping_status":"open","sticky":false,"template":"","format":"standard","meta":{"footnotes":""},"categories":[22],"tags":[],"class_list":["post-171197","post","type-post","status-publish","format-standard","hentry","category-politica"],"_links":{"self":[{"href":"https:\/\/diariodominicano.com\/index.php?rest_route=\/wp\/v2\/posts\/171197","targetHints":{"allow":["GET"]}}],"collection":[{"href":"https:\/\/diariodominicano.com\/index.php?rest_route=\/wp\/v2\/posts"}],"about":[{"href":"https:\/\/diariodominicano.com\/index.php?rest_route=\/wp\/v2\/types\/post"}],"author":[{"embeddable":true,"href":"https:\/\/diariodominicano.com\/index.php?rest_route=\/wp\/v2\/users\/3"}],"replies":[{"embeddable":true,"href":"https:\/\/diariodominicano.com\/index.php?rest_route=%2Fwp%2Fv2%2Fcomments&post=171197"}],"version-history":[{"count":0,"href":"https:\/\/diariodominicano.com\/index.php?rest_route=\/wp\/v2\/posts\/171197\/revisions"}],"wp:attachment":[{"href":"https:\/\/diariodominicano.com\/index.php?rest_route=%2Fwp%2Fv2%2Fmedia&parent=171197"}],"wp:term":[{"taxonomy":"category","embeddable":true,"href":"https:\/\/diariodominicano.com\/index.php?rest_route=%2Fwp%2Fv2%2Fcategories&post=171197"},{"taxonomy":"post_tag","embeddable":true,"href":"https:\/\/diariodominicano.com\/index.php?rest_route=%2Fwp%2Fv2%2Ftags&post=171197"}],"curies":[{"name":"wp","href":"https:\/\/api.w.org\/{rel}","templated":true}]}}