{"id":171196,"date":"2018-02-26T12:32:59","date_gmt":"2018-02-26T12:32:59","guid":{"rendered":"http:\/\/diariodominicano.ddns.net\/?p=171196"},"modified":"2018-02-26T12:32:59","modified_gmt":"2018-02-26T12:32:59","slug":"hipolito-mejia-la-mejor-manera-de-honrar-a-los-padres-de-la-patria-es-pensar-como-ellos-vivir-como-ellos-actuar-como-ellos","status":"publish","type":"post","link":"https:\/\/diariodominicano.com\/?p=171196","title":{"rendered":"Hip\u00f3lito Mej\u00eda: \u00abLa mejor manera de honrar a los Padres de la Patria es pensar como ellos, vivir como ellos, actuar como ellos\u00bb"},"content":{"rendered":"<p><body><\/p>\n<p>Santo Domingo, RD. El ex presidente Hip\u00f3lito Mej\u00eda consider\u00f3 que este 27 de febrero, fecha conmemorativa de la Independencia Nacional, es una significativa efem\u00e9ride y el momento propicio para que los dominicanos hagamos una profunda reflexi\u00f3n sobre el futuro de nuestra Naci\u00f3n, de la Patria que queremos.<\/p>\n<\/p>\n<p>En un mensaje enviado al Pueblo Dominicano, con motivo de la celebraci\u00f3n de Independencia Nacional, el ex mandatario afirm\u00f3 que \u00abDe igual manera, al recordar la haza\u00f1a de nuestros h\u00e9roes independentistas, es propicio renovar nuestra lucha por la justicia y la transparencia; por el derecho a la educaci\u00f3n, a la salud y a una vivienda decente; por la equidad de oportunidades; por el bienestar, el sosiego y la tranquilidad de toda nuestra gente.<\/p>\n<\/p>\n<p>Hace un llamado a los dominicanas y dominicanos, resaltando que \u00abla mejor manera de honrar a los Padres de la Patria es pensar como ellos, vivir como ellos, actuar como ellos\u00bb.<\/p>\n<\/p>\n<p>Resalta que es tambi\u00e9n el momento de no cejar en nuestra lucha contra la impunidad y la corrupci\u00f3n; de renovar nuestro m\u00e1s contundente rechazo a la violencia contra la mujer.<\/p>\n<\/p>\n<p>\u00abQue, al tiempo de manifestar nuestro m\u00e1s categ\u00f3rico rechazo al flagelo de las drogas, reiteremos la necesidad de que nuestros j\u00f3venes vean multiplicadas sus oportunidades, fortaleciendo su formaci\u00f3n en valores, para que el futuro de la patria descanse en bases s\u00f3lidas\u00bb signific\u00f3 Mej\u00eda en su mensaje a la Naci\u00f3n Dominicana.<\/p>\n<\/p>\n<p>Dijo que: \u00abAl conmemorar la independencia nacional, aprovechamos esta oportuna ocasi\u00f3n para reafirmar nuestro compromiso de luchar por la libertad plena de todos los dominicanos, y por el derecho de vivir en paz\u00bb.<\/p>\n<\/p>\n<p>Expresa finalmente \u00abGloria a la memoria de Juan Pablo Duarte, Ram\u00f3n Mat\u00edas Mella y Francisco del Rosario S\u00e1nchez\u00bb.<\/p>\n<h6> 2018-02-26 12:32:59 <\/h6>\n<p><!--\n<link rel=\"stylesheet\" href=\"css\/bootstrap.min.css\">\n\n\n<ul class=\"pagination\">\n\t    \n\t\n\n<li >\n\t<a href='?page_no=6525'>Previous<\/a>\n\t<\/li>\n\n\n       \n    \n\n<li><a href='?page_no=1'>1<\/a><\/li>\n\n\n\n<li><a href='?page_no=2'>2<\/a><\/li>\n\n\n\n<li><a>...<\/a><\/li>\n\n\n\n<li><a href='?page_no=6524'>6524<\/a><\/li>\n\n\n\n<li><a href='?page_no=6525'>6525<\/a><\/li>\n\n\n\n<li class='active'><a>6526<\/a><\/li>\n\n\n\n<li><a href='?page_no=6527'>6527<\/a><\/li>\n\n\n\n<li><a href='?page_no=6528'>6528<\/a><\/li>\n\n\n\n<li><a>...<\/a><\/li>\n\n\n\n<li><a href='?page_no=36999'>36999<\/a><\/li>\n\n\n\n<li><a href='?page_no=37000'>37000<\/a><\/li>\n\n    \n\t\n\n<li >\n\t<a href='?page_no=6527'>Next<\/a>\n\t<\/li>\n\n\n    \n\n<li><a href='?page_no=37000'>Last &rsaquo;&rsaquo;<\/a><\/li>\n\n<\/ul>\n\n\n--><br \/>\n<\/body><\/p>\n","protected":false},"excerpt":{"rendered":"<p>Santo Domingo, RD. El ex presidente Hip\u00f3lito Mej\u00eda consider\u00f3 que este 27 de febrero, fecha conmemorativa de la Independencia Nacional, es una significativa efem\u00e9ride y el momento propicio para que los dominicanos hagamos una profunda reflexi\u00f3n sobre el futuro de nuestra Naci\u00f3n, de la Patria que queremos. En un mensaje enviado al Pueblo Dominicano, con [&hellip;]<\/p>\n","protected":false},"author":3,"featured_media":0,"comment_status":"open","ping_status":"open","sticky":false,"template":"","format":"standard","meta":{"footnotes":""},"categories":[22],"tags":[],"class_list":["post-171196","post","type-post","status-publish","format-standard","hentry","category-politica"],"_links":{"self":[{"href":"https:\/\/diariodominicano.com\/index.php?rest_route=\/wp\/v2\/posts\/171196","targetHints":{"allow":["GET"]}}],"collection":[{"href":"https:\/\/diariodominicano.com\/index.php?rest_route=\/wp\/v2\/posts"}],"about":[{"href":"https:\/\/diariodominicano.com\/index.php?rest_route=\/wp\/v2\/types\/post"}],"author":[{"embeddable":true,"href":"https:\/\/diariodominicano.com\/index.php?rest_route=\/wp\/v2\/users\/3"}],"replies":[{"embeddable":true,"href":"https:\/\/diariodominicano.com\/index.php?rest_route=%2Fwp%2Fv2%2Fcomments&post=171196"}],"version-history":[{"count":0,"href":"https:\/\/diariodominicano.com\/index.php?rest_route=\/wp\/v2\/posts\/171196\/revisions"}],"wp:attachment":[{"href":"https:\/\/diariodominicano.com\/index.php?rest_route=%2Fwp%2Fv2%2Fmedia&parent=171196"}],"wp:term":[{"taxonomy":"category","embeddable":true,"href":"https:\/\/diariodominicano.com\/index.php?rest_route=%2Fwp%2Fv2%2Fcategories&post=171196"},{"taxonomy":"post_tag","embeddable":true,"href":"https:\/\/diariodominicano.com\/index.php?rest_route=%2Fwp%2Fv2%2Ftags&post=171196"}],"curies":[{"name":"wp","href":"https:\/\/api.w.org\/{rel}","templated":true}]}}