{"id":171195,"date":"2018-02-26T12:43:42","date_gmt":"2018-02-26T12:43:42","guid":{"rendered":"http:\/\/diariodominicano.ddns.net\/?p=171195"},"modified":"2018-02-26T12:43:42","modified_gmt":"2018-02-26T12:43:42","slug":"rosario-espinal-no-vislumbra-salida-por-el-momento-a-crisis-pld","status":"publish","type":"post","link":"https:\/\/diariodominicano.com\/?p=171195","title":{"rendered":"Rosario Espinal no vislumbra salida por el momento a crisis PLD"},"content":{"rendered":"<p><body><\/p>\n<p><img decoding=\"async\" src=\"img3\/polit11.jpg\" \/>  <\/p>\n<p><strong>SANTO DOMINGO, RD, 26 de febrero de 2018.-<\/strong> La polit\u00f3loga Rosario Espinal  afirm\u00f3 que  la crisis interna que afecta al PLD solo tendr\u00eda soluci\u00f3n si el Presidente Danilo Medina y el expresidente Leonel Fern\u00e1ndez dejan el camino abierto para que otros candidatos se presenten en los comicios del 2020, porque de ambos insistir no habr\u00e1 soluci\u00f3n al problema.<\/p>\n<\/p>\n<p>Record\u00f3 que dicho conflicto data del 2007, y que en estos once a\u00f1os de lucha el problema principal ha sido la reelecci\u00f3n presidencial.<\/p>\n<p>\u00abEn el PLD la \u00fanica salida para este conflicto, ser\u00eda que ninguno de los dos l\u00edderes se presentaran en los pr\u00f3ximos comicios del 2020, y en vez de eso, se convirtieran en figuras que promuevan mecanismos democr\u00e1ticos\u00bb, precis\u00f3 Espinal al ser entrevista por Elvis Lima en el programa Fuera de Record, del canal 45.<\/p>\n<\/p>\n<p>Consider\u00f3 que el mayor error de Leonel Fern\u00e1ndez ha sido haberse quedado vegetando en un grupo de peledeistas, y trabajando en la estructura de su partido, en lugar reposicionar su figura ante la poblaci\u00f3n dominicana, mientras el Presidente Danilo medina le ha sacado provecho a su recurso populista.<\/p>\n<\/p>\n<p>Precis\u00f3 que a pesar de la buena valoraci\u00f3n que sigue teniendo el Presidente Danilo Medina, los \u00faltimos esc\u00e1ndalos suscitados le han afectado mucho en la poblaci\u00f3n.<\/p>\n<\/p>\n<p>\u00abPara un Gobierno es importante mantener los niveles de legitimidad. No es que se desplom\u00f3 la popularidad de Medina, pero estaba muy alto y bajo debido a los esc\u00e1ndalos que se han desatado en este quinto mandato del Presidente\u00bb, explic\u00f3 Espinal.<\/p>\n<\/p>\n<p>Record\u00f3 que en su primer mandato de gobierno Medina utiliz\u00f3 el recurso populista, asignando el  4% para la educaci\u00f3n, situaci\u00f3n que provoc\u00f3 que sus niveles de aprobaci\u00f3n aumentaran considerablemente logrando conseguir un segundo mandato. Sin embargo la situaci\u00f3n ahora es diferente.<\/p>\n<\/p>\n<p>Sobre las expectativas de la rendici\u00f3n de cuentas del pr\u00f3ximo martes, Rosario Espinal precis\u00f3 que el pueblo est\u00e1 esperando que logre imponer cambios beneficiosos para el pa\u00eds.<\/p>\n<\/p>\n<p>CASO PRM <\/p>\n<\/p>\n<p>Con relaci\u00f3n al opositor partido Revolucionario Moderno PRM, la polit\u00f3loga Rosario Espinal indic\u00f3 que esa organizaci\u00f3n no puede darse el lujo de tener problemas internos a la hora de enfrentar al PLD.<\/p>\n<\/p>\n<p>\u00abPara enfrentar un partido as\u00ed debes ser m\u00e1s inteligente que ellos. La inteligencia pol\u00edtica es quien te llevar\u00e1 a ser competitivo con un partido que ha estado en el poder\u00bb, resalt\u00f3 la polit\u00f3loga.<\/p>\n<\/p>\n<p>Sobre  Hip\u00f3lito Mej\u00eda consider\u00f3 que su tiempo termin\u00f3 por lo que debe darle paso a otros dirigentes, ya que el agot\u00f3 su oportunidad.<\/p>\n<h6> 2018-02-26 12:43:42 <\/h6>\n<p><!--\n<link rel=\"stylesheet\" href=\"css\/bootstrap.min.css\">\n\n\n<ul class=\"pagination\">\n\t    \n\t\n\n<li >\n\t<a href='?page_no=6524'>Previous<\/a>\n\t<\/li>\n\n\n       \n    \n\n<li><a href='?page_no=1'>1<\/a><\/li>\n\n\n\n<li><a href='?page_no=2'>2<\/a><\/li>\n\n\n\n<li><a>...<\/a><\/li>\n\n\n\n<li><a href='?page_no=6523'>6523<\/a><\/li>\n\n\n\n<li><a href='?page_no=6524'>6524<\/a><\/li>\n\n\n\n<li class='active'><a>6525<\/a><\/li>\n\n\n\n<li><a href='?page_no=6526'>6526<\/a><\/li>\n\n\n\n<li><a href='?page_no=6527'>6527<\/a><\/li>\n\n\n\n<li><a>...<\/a><\/li>\n\n\n\n<li><a href='?page_no=36999'>36999<\/a><\/li>\n\n\n\n<li><a href='?page_no=37000'>37000<\/a><\/li>\n\n    \n\t\n\n<li >\n\t<a href='?page_no=6526'>Next<\/a>\n\t<\/li>\n\n\n    \n\n<li><a href='?page_no=37000'>Last &rsaquo;&rsaquo;<\/a><\/li>\n\n<\/ul>\n\n\n--><br \/>\n<\/body><\/p>\n","protected":false},"excerpt":{"rendered":"<p>SANTO DOMINGO, RD, 26 de febrero de 2018.- La polit\u00f3loga Rosario Espinal afirm\u00f3 que la crisis interna que afecta al PLD solo tendr\u00eda soluci\u00f3n si el Presidente Danilo Medina y el expresidente Leonel Fern\u00e1ndez dejan el camino abierto para que otros candidatos se presenten en los comicios del 2020, porque de ambos insistir no habr\u00e1 [&hellip;]<\/p>\n","protected":false},"author":3,"featured_media":0,"comment_status":"open","ping_status":"open","sticky":false,"template":"","format":"standard","meta":{"footnotes":""},"categories":[22],"tags":[],"class_list":["post-171195","post","type-post","status-publish","format-standard","hentry","category-politica"],"_links":{"self":[{"href":"https:\/\/diariodominicano.com\/index.php?rest_route=\/wp\/v2\/posts\/171195","targetHints":{"allow":["GET"]}}],"collection":[{"href":"https:\/\/diariodominicano.com\/index.php?rest_route=\/wp\/v2\/posts"}],"about":[{"href":"https:\/\/diariodominicano.com\/index.php?rest_route=\/wp\/v2\/types\/post"}],"author":[{"embeddable":true,"href":"https:\/\/diariodominicano.com\/index.php?rest_route=\/wp\/v2\/users\/3"}],"replies":[{"embeddable":true,"href":"https:\/\/diariodominicano.com\/index.php?rest_route=%2Fwp%2Fv2%2Fcomments&post=171195"}],"version-history":[{"count":0,"href":"https:\/\/diariodominicano.com\/index.php?rest_route=\/wp\/v2\/posts\/171195\/revisions"}],"wp:attachment":[{"href":"https:\/\/diariodominicano.com\/index.php?rest_route=%2Fwp%2Fv2%2Fmedia&parent=171195"}],"wp:term":[{"taxonomy":"category","embeddable":true,"href":"https:\/\/diariodominicano.com\/index.php?rest_route=%2Fwp%2Fv2%2Fcategories&post=171195"},{"taxonomy":"post_tag","embeddable":true,"href":"https:\/\/diariodominicano.com\/index.php?rest_route=%2Fwp%2Fv2%2Ftags&post=171195"}],"curies":[{"name":"wp","href":"https:\/\/api.w.org\/{rel}","templated":true}]}}