{"id":171194,"date":"2018-02-26T14:02:36","date_gmt":"2018-02-26T14:02:36","guid":{"rendered":"http:\/\/diariodominicano.ddns.net\/?p=171194"},"modified":"2018-02-26T14:02:36","modified_gmt":"2018-02-26T14:02:36","slug":"franklin-almeyda-recuerda-la-modernizacion-partidaria-es-tarea-pendiente-en-el-pld","status":"publish","type":"post","link":"https:\/\/diariodominicano.com\/?p=171194","title":{"rendered":"Franklin Almeyda recuerda  la modernizaci\u00f3n partidaria es tarea pendiente en el PLD"},"content":{"rendered":"<p><body><\/p>\n<p><img decoding=\"async\" src=\"img3\/Franklin Almeyda.jpg\" \/>  <\/p>\n<p><strong> <\/strong><\/p>\n<p><strong>SANTO DOMINGO, DN, RD, 26 de febrero de 2018.-<\/strong> Franklin Almeyda, miembro del Comit\u00e9 Pol\u00edtico del Partido de la Liberaci\u00f3n Dominicana (PLD), declar\u00f3 que en esa organizaci\u00f3n ha habido un retraso en los acuerdos y resoluciones  adoptados en los congresos ordinarios para ponerlos en ejecuci\u00f3n.<\/p>\n<\/p>\n<p>Dijo  que como consecuencias de esos retrasos se han producido situaciones que no estaban previstas ni se hab\u00edan acogido en anteriores congresos,  como el m\u00e1s reciente celebrado en honor a  Norge Botello.<\/p>\n<\/p>\n<\/p>\n<p>\u00abDesde el a\u00f1o 1994 al 2010 se realizaban elecciones internas en el partido todos los a\u00f1os, unas veces para escoger los candidatos congresuales, municipales y a presidente de la Rep\u00fablica\u00bb, manifest\u00f3 Almeyda entrevistado en el programa Mckinney, que en gran medida atrasaron las aplicaciones de las resoluciones aprobadas.<\/p>\n<\/p>\n<\/p>\n<p>Almeyda  dirigente fundador del PLD record\u00f3  que esa organizaci\u00f3n pas\u00f3 a ser un partido abierto o de  masas a ra\u00edz del Sexto Congreso Ordinario Profesor Juan Bosch en el 2001,  careciendo de tiempo suficiente para hacer una revisi\u00f3n interna y los ajustes necesarios al nuevo esquema de organizaci\u00f3n.<\/p>\n<\/p>\n<\/p>\n<p>\u00abEste es el momento adecuado para hacer esta revisi\u00f3n interna ya que disponemos de tiempo suficiente\u00bb, agreg\u00f3 Almeyda significando que las elecciones se realizaran en el a\u00f1o 2020.<\/p>\n<\/p>\n<\/p>\n<p>Record\u00f3 que el VIII Congreso Ordinario Comandante Norge Botello orden\u00f3 la actualizaci\u00f3n del partido. \u00abEl partido est\u00e1 desfasado no solo con relaci\u00f3n al proceso de este pa\u00eds, sino con relaci\u00f3n al proceso mundial. Le falta modernidad. Tiene que ser m\u00e1s digital. Tiene que darse una estructura que se adecue m\u00e1s a los procesos electorales\u00bb, explic\u00f3.<\/p>\n<\/p>\n<\/p>\n<\/p>\n<p>No obstante indica que el PLD es en estos momentos el partido m\u00e1s admirado por los partidos de Am\u00e9rica Latina y que les llama la atenci\u00f3n como esta organizaci\u00f3n pol\u00edtica ha ganado sucesivamente los procesos electorales con m\u00e1s del 50 por ciento de los votos. \u00abNaturalmente, eso ha tenido un costo ya que el partido ha tenido que dedicarse a esos procesos y no se ha dedicado a s\u00ed mismo\u00bb.<\/p>\n<\/p>\n<\/p>\n<p>Se\u00f1ala que en el PLD ha habido una paralizaci\u00f3n en su estructura interna, produciendo una ausencia de su democracia a lo interno. \u00abY eso ha llevado a que aparezcan dos figuras principales que han sido presidente de la Rep\u00fablica como Leonel Fern\u00e1ndez y Danilo Medina. Esas figuras tienen que entender que el destino del Partido est\u00e1 con lo que ellos empiecen a hacer\u00bb.<\/p>\n<\/p>\n<\/p>\n<p>Resalt\u00f3 que el profesor Juan Bosch les dej\u00f3 un legado pol\u00edtico valios\u00edsimo y que como heredero de ese legado hay que cuidarlo porque de lo contrario no van a seguir teniendo \u00e9xitos.<\/p>\n<\/p>\n<\/p>\n<h6> 2018-02-26 14:02:36 <\/h6>\n<p><!--\n<link rel=\"stylesheet\" href=\"css\/bootstrap.min.css\">\n\n\n<ul class=\"pagination\">\n\t    \n\t\n\n<li >\n\t<a href='?page_no=6523'>Previous<\/a>\n\t<\/li>\n\n\n       \n    \n\n<li><a href='?page_no=1'>1<\/a><\/li>\n\n\n\n<li><a href='?page_no=2'>2<\/a><\/li>\n\n\n\n<li><a>...<\/a><\/li>\n\n\n\n<li><a href='?page_no=6522'>6522<\/a><\/li>\n\n\n\n<li><a href='?page_no=6523'>6523<\/a><\/li>\n\n\n\n<li class='active'><a>6524<\/a><\/li>\n\n\n\n<li><a href='?page_no=6525'>6525<\/a><\/li>\n\n\n\n<li><a href='?page_no=6526'>6526<\/a><\/li>\n\n\n\n<li><a>...<\/a><\/li>\n\n\n\n<li><a href='?page_no=36999'>36999<\/a><\/li>\n\n\n\n<li><a href='?page_no=37000'>37000<\/a><\/li>\n\n    \n\t\n\n<li >\n\t<a href='?page_no=6525'>Next<\/a>\n\t<\/li>\n\n\n    \n\n<li><a href='?page_no=37000'>Last &rsaquo;&rsaquo;<\/a><\/li>\n\n<\/ul>\n\n\n--><br \/>\n<\/body><\/p>\n","protected":false},"excerpt":{"rendered":"<p>SANTO DOMINGO, DN, RD, 26 de febrero de 2018.- Franklin Almeyda, miembro del Comit\u00e9 Pol\u00edtico del Partido de la Liberaci\u00f3n Dominicana (PLD), declar\u00f3 que en esa organizaci\u00f3n ha habido un retraso en los acuerdos y resoluciones adoptados en los congresos ordinarios para ponerlos en ejecuci\u00f3n. Dijo que como consecuencias de esos retrasos se han producido [&hellip;]<\/p>\n","protected":false},"author":3,"featured_media":0,"comment_status":"open","ping_status":"open","sticky":false,"template":"","format":"standard","meta":{"footnotes":""},"categories":[22],"tags":[],"class_list":["post-171194","post","type-post","status-publish","format-standard","hentry","category-politica"],"_links":{"self":[{"href":"https:\/\/diariodominicano.com\/index.php?rest_route=\/wp\/v2\/posts\/171194","targetHints":{"allow":["GET"]}}],"collection":[{"href":"https:\/\/diariodominicano.com\/index.php?rest_route=\/wp\/v2\/posts"}],"about":[{"href":"https:\/\/diariodominicano.com\/index.php?rest_route=\/wp\/v2\/types\/post"}],"author":[{"embeddable":true,"href":"https:\/\/diariodominicano.com\/index.php?rest_route=\/wp\/v2\/users\/3"}],"replies":[{"embeddable":true,"href":"https:\/\/diariodominicano.com\/index.php?rest_route=%2Fwp%2Fv2%2Fcomments&post=171194"}],"version-history":[{"count":0,"href":"https:\/\/diariodominicano.com\/index.php?rest_route=\/wp\/v2\/posts\/171194\/revisions"}],"wp:attachment":[{"href":"https:\/\/diariodominicano.com\/index.php?rest_route=%2Fwp%2Fv2%2Fmedia&parent=171194"}],"wp:term":[{"taxonomy":"category","embeddable":true,"href":"https:\/\/diariodominicano.com\/index.php?rest_route=%2Fwp%2Fv2%2Fcategories&post=171194"},{"taxonomy":"post_tag","embeddable":true,"href":"https:\/\/diariodominicano.com\/index.php?rest_route=%2Fwp%2Fv2%2Ftags&post=171194"}],"curies":[{"name":"wp","href":"https:\/\/api.w.org\/{rel}","templated":true}]}}