{"id":171193,"date":"2018-02-26T17:06:38","date_gmt":"2018-02-26T17:06:38","guid":{"rendered":"http:\/\/diariodominicano.ddns.net\/?p=171193"},"modified":"2018-02-26T17:06:38","modified_gmt":"2018-02-26T17:06:38","slug":"fallece-ex-activista-nacional-pld-miguel-hernandez","status":"publish","type":"post","link":"https:\/\/diariodominicano.com\/?p=171193","title":{"rendered":"Fallece ex activista nacional PLD, Miguel Hern\u00e1ndez"},"content":{"rendered":"<p><body><\/p>\n<p><img decoding=\"async\" src=\"img3\/miguel00.jpg\" \/>  <\/p>\n<\/p>\n<p><strong>SANTO DOMINGO, RD, 26 de febrero de 2018.- <\/strong>Compungidos,  familiares, amigo y vecinos  sepultaron el pasado s\u00e1bado en  el Cementerio Cristo Redentor del Distrito Nacional a Miguel Hern\u00e1ndez, dirigente del Partido de la Liberaci\u00f3n Dominicana, quien falleciera en New Jersey, Estados Unidos en donde resid\u00eda.<\/p>\n<\/p>\n<p>Su velatorio y sepelio constituy\u00f3 una muestra de dolor de quienes asistieron a la funeraria en donde fue velado y al campo santo en donde recibi\u00f3 cristiana Sepultura.<\/p>\n<\/p>\n<p>Hern\u00e1ndez falleci\u00f3  siendo miembro del Comit\u00e9 Intermedio Celia S\u00e1nchez del ahora municipio Santo Domingo Este.<\/p>\n<\/p>\n<p>En el PLD se le recuerda como un activo miembro de la Secretar\u00eda de Activistas y M\u00e9todos en cuyo \u00f3rgano cumpli\u00f3 el mandato de enlazamiento con diferentes comit\u00e9s intermedios.<\/p>\n<\/p>\n<p>La direcci\u00f3n del PLD manifest\u00f3 su condolencia a los familiares del dirigente de la organizaci\u00f3n fallecido.   Paz a su alma. (Comunicaciones PLD)<\/p>\n<\/p>\n<\/p>\n<h6> 2018-02-26 17:06:38 <\/h6>\n<p><!--\n<link rel=\"stylesheet\" href=\"css\/bootstrap.min.css\">\n\n\n<ul class=\"pagination\">\n\t    \n\t\n\n<li >\n\t<a href='?page_no=6522'>Previous<\/a>\n\t<\/li>\n\n\n       \n    \n\n<li><a href='?page_no=1'>1<\/a><\/li>\n\n\n\n<li><a href='?page_no=2'>2<\/a><\/li>\n\n\n\n<li><a>...<\/a><\/li>\n\n\n\n<li><a href='?page_no=6521'>6521<\/a><\/li>\n\n\n\n<li><a href='?page_no=6522'>6522<\/a><\/li>\n\n\n\n<li class='active'><a>6523<\/a><\/li>\n\n\n\n<li><a href='?page_no=6524'>6524<\/a><\/li>\n\n\n\n<li><a href='?page_no=6525'>6525<\/a><\/li>\n\n\n\n<li><a>...<\/a><\/li>\n\n\n\n<li><a href='?page_no=36999'>36999<\/a><\/li>\n\n\n\n<li><a href='?page_no=37000'>37000<\/a><\/li>\n\n    \n\t\n\n<li >\n\t<a href='?page_no=6524'>Next<\/a>\n\t<\/li>\n\n\n    \n\n<li><a href='?page_no=37000'>Last &rsaquo;&rsaquo;<\/a><\/li>\n\n<\/ul>\n\n\n--><br \/>\n<\/body><\/p>\n","protected":false},"excerpt":{"rendered":"<p>SANTO DOMINGO, RD, 26 de febrero de 2018.- Compungidos, familiares, amigo y vecinos sepultaron el pasado s\u00e1bado en el Cementerio Cristo Redentor del Distrito Nacional a Miguel Hern\u00e1ndez, dirigente del Partido de la Liberaci\u00f3n Dominicana, quien falleciera en New Jersey, Estados Unidos en donde resid\u00eda. Su velatorio y sepelio constituy\u00f3 una muestra de dolor de [&hellip;]<\/p>\n","protected":false},"author":3,"featured_media":0,"comment_status":"open","ping_status":"open","sticky":false,"template":"","format":"standard","meta":{"footnotes":""},"categories":[22],"tags":[],"class_list":["post-171193","post","type-post","status-publish","format-standard","hentry","category-politica"],"_links":{"self":[{"href":"https:\/\/diariodominicano.com\/index.php?rest_route=\/wp\/v2\/posts\/171193","targetHints":{"allow":["GET"]}}],"collection":[{"href":"https:\/\/diariodominicano.com\/index.php?rest_route=\/wp\/v2\/posts"}],"about":[{"href":"https:\/\/diariodominicano.com\/index.php?rest_route=\/wp\/v2\/types\/post"}],"author":[{"embeddable":true,"href":"https:\/\/diariodominicano.com\/index.php?rest_route=\/wp\/v2\/users\/3"}],"replies":[{"embeddable":true,"href":"https:\/\/diariodominicano.com\/index.php?rest_route=%2Fwp%2Fv2%2Fcomments&post=171193"}],"version-history":[{"count":0,"href":"https:\/\/diariodominicano.com\/index.php?rest_route=\/wp\/v2\/posts\/171193\/revisions"}],"wp:attachment":[{"href":"https:\/\/diariodominicano.com\/index.php?rest_route=%2Fwp%2Fv2%2Fmedia&parent=171193"}],"wp:term":[{"taxonomy":"category","embeddable":true,"href":"https:\/\/diariodominicano.com\/index.php?rest_route=%2Fwp%2Fv2%2Fcategories&post=171193"},{"taxonomy":"post_tag","embeddable":true,"href":"https:\/\/diariodominicano.com\/index.php?rest_route=%2Fwp%2Fv2%2Ftags&post=171193"}],"curies":[{"name":"wp","href":"https:\/\/api.w.org\/{rel}","templated":true}]}}