{"id":171191,"date":"2018-02-26T20:19:53","date_gmt":"2018-02-26T20:19:53","guid":{"rendered":"http:\/\/diariodominicano.ddns.net\/?p=171191"},"modified":"2018-02-26T20:19:53","modified_gmt":"2018-02-26T20:19:53","slug":"comienza-en-venezuela-periodo-de-postulaciones-de-candidaturas-presidenciales","status":"publish","type":"post","link":"https:\/\/diariodominicano.com\/?p=171191","title":{"rendered":"Comienza en Venezuela per\u00edodo de postulaciones de candidaturas presidenciales"},"content":{"rendered":"<p><body><\/p>\n<p><img decoding=\"async\" src=\"img3\/136454163_15004250672351n.jpg\" \/>  <\/p>\n<p><strong> El presidente venezolano, Nicol\u00e1s Maduro, inform\u00f3 que ma\u00f1ana martes inscribir\u00e1 de manera oficial su candidatura presidencial ante el CNE, respaldado por el oficialista Partido Socialista Unido de Venezuela (PSUV) y Somos Venezuela, entre otros. La oposici\u00f3n a su vez ha expresado que no participar\u00e1 en las elecciones presidenciales y hasta ahora se desconoce si presentar\u00e1 un candidato \u00fanico. ( Foto de archivo)<\/strong><\/p>\n<p><strong> <\/strong><\/p>\n<p><strong>   CARACAS, 26 feb (Xinhua) &#8212;<\/strong> En Venezuela comenz\u00f3 hoy lunes el periodo de formalizaci\u00f3n de postulaciones de candidaturas para las elecciones presidenciales del 22 de abril pr\u00f3ximo, de acuerdo al cronograma publicado por el Consejo Nacional Electoral (CNE). <\/p>\n<\/p>\n<p>   Seg\u00fan este cronograma, los aspirantes a las presidenciales podr\u00e1n entregar sus postulaciones ante la instancia comicial hasta el pr\u00f3ximo 28 de febrero a las 16:00 hora local (20:00 GMT).<\/p>\n<\/p>\n<p>   Se abrir\u00e1 entonces de manera inmediata el lapso de admisi\u00f3n o rechazo de postulaciones hasta el 1 de marzo pr\u00f3ximo, tiempo en el cual el CNE revisar\u00e1 los documentos de cada candidato para verificar que cumpla con los requisitos. <\/p>\n<\/p>\n<p>   El 1 de marzo se elaborar\u00e1 el acta de cierre de postulaciones, mientras que un d\u00eda despu\u00e9s se realizar\u00e1n las sustituciones y modificaciones respectivas. <\/p>\n<\/p>\n<p>   El 5 de marzo se realizar\u00e1 en la sede central del ente comicial en Caracas la selecci\u00f3n de posici\u00f3n en la boleta electoral de los candidatos para le elecci\u00f3n presidencial 2018. <\/p>\n<\/p>\n<p>   De acuerdo con la legislaci\u00f3n, los aspirantes presidenciales deben ser venezolanos por nacimiento, no poseer otra nacionalidad, mayores de 30 a\u00f1os, estar inscrito en el Registro Electoral, de estado seglar y no tener ning\u00fan tipo de inhabilitaci\u00f3n judicial.<\/p>\n<\/p>\n<p>   El presidente venezolano, Nicol\u00e1s Maduro, inform\u00f3 que ma\u00f1ana martes inscribir\u00e1 de manera oficial su candidatura presidencial ante el CNE, respaldado por el oficialista Partido Socialista Unido de Venezuela (PSUV) y Somos Venezuela, entre otros.<\/p>\n<\/p>\n<p>   La oposici\u00f3n a su vez ha expresado que no participar\u00e1 en las elecciones presidenciales y hasta ahora se desconoce si presentar\u00e1 un candidato \u00fanico. <\/p>\n<\/p>\n<p>   La campa\u00f1a para las elecciones presidenciales comenzar\u00e1 el 2 de abril pr\u00f3ximo y culminar\u00e1 el 19 del mismo mes.<\/p>\n<\/p>\n<p>   M\u00e1s de 19 millones de electores est\u00e1n habilitados para participar en los comicios del 22 de abril pr\u00f3ximo, a fin de elegir al presidente para el per\u00edodo 2019-2025. Fin<\/p>\n<\/p>\n<h6> 2018-02-26 20:19:53 <\/h6>\n<p><!--\n<link rel=\"stylesheet\" href=\"css\/bootstrap.min.css\">\n\n\n<ul class=\"pagination\">\n\t    \n\t\n\n<li >\n\t<a href='?page_no=6520'>Previous<\/a>\n\t<\/li>\n\n\n       \n    \n\n<li><a href='?page_no=1'>1<\/a><\/li>\n\n\n\n<li><a href='?page_no=2'>2<\/a><\/li>\n\n\n\n<li><a>...<\/a><\/li>\n\n\n\n<li><a href='?page_no=6519'>6519<\/a><\/li>\n\n\n\n<li><a href='?page_no=6520'>6520<\/a><\/li>\n\n\n\n<li class='active'><a>6521<\/a><\/li>\n\n\n\n<li><a href='?page_no=6522'>6522<\/a><\/li>\n\n\n\n<li><a href='?page_no=6523'>6523<\/a><\/li>\n\n\n\n<li><a>...<\/a><\/li>\n\n\n\n<li><a href='?page_no=36999'>36999<\/a><\/li>\n\n\n\n<li><a href='?page_no=37000'>37000<\/a><\/li>\n\n    \n\t\n\n<li >\n\t<a href='?page_no=6522'>Next<\/a>\n\t<\/li>\n\n\n    \n\n<li><a href='?page_no=37000'>Last &rsaquo;&rsaquo;<\/a><\/li>\n\n<\/ul>\n\n\n--><br \/>\n<\/body><\/p>\n","protected":false},"excerpt":{"rendered":"<p>El presidente venezolano, Nicol\u00e1s Maduro, inform\u00f3 que ma\u00f1ana martes inscribir\u00e1 de manera oficial su candidatura presidencial ante el CNE, respaldado por el oficialista Partido Socialista Unido de Venezuela (PSUV) y Somos Venezuela, entre otros. La oposici\u00f3n a su vez ha expresado que no participar\u00e1 en las elecciones presidenciales y hasta ahora se desconoce si presentar\u00e1 [&hellip;]<\/p>\n","protected":false},"author":3,"featured_media":0,"comment_status":"open","ping_status":"open","sticky":false,"template":"","format":"standard","meta":{"footnotes":""},"categories":[22],"tags":[],"class_list":["post-171191","post","type-post","status-publish","format-standard","hentry","category-politica"],"_links":{"self":[{"href":"https:\/\/diariodominicano.com\/index.php?rest_route=\/wp\/v2\/posts\/171191","targetHints":{"allow":["GET"]}}],"collection":[{"href":"https:\/\/diariodominicano.com\/index.php?rest_route=\/wp\/v2\/posts"}],"about":[{"href":"https:\/\/diariodominicano.com\/index.php?rest_route=\/wp\/v2\/types\/post"}],"author":[{"embeddable":true,"href":"https:\/\/diariodominicano.com\/index.php?rest_route=\/wp\/v2\/users\/3"}],"replies":[{"embeddable":true,"href":"https:\/\/diariodominicano.com\/index.php?rest_route=%2Fwp%2Fv2%2Fcomments&post=171191"}],"version-history":[{"count":0,"href":"https:\/\/diariodominicano.com\/index.php?rest_route=\/wp\/v2\/posts\/171191\/revisions"}],"wp:attachment":[{"href":"https:\/\/diariodominicano.com\/index.php?rest_route=%2Fwp%2Fv2%2Fmedia&parent=171191"}],"wp:term":[{"taxonomy":"category","embeddable":true,"href":"https:\/\/diariodominicano.com\/index.php?rest_route=%2Fwp%2Fv2%2Fcategories&post=171191"},{"taxonomy":"post_tag","embeddable":true,"href":"https:\/\/diariodominicano.com\/index.php?rest_route=%2Fwp%2Fv2%2Ftags&post=171191"}],"curies":[{"name":"wp","href":"https:\/\/api.w.org\/{rel}","templated":true}]}}