{"id":171188,"date":"2018-02-27T07:51:14","date_gmt":"2018-02-27T07:51:14","guid":{"rendered":"http:\/\/diariodominicano.ddns.net\/?p=171188"},"modified":"2018-02-27T07:51:14","modified_gmt":"2018-02-27T07:51:14","slug":"concluye-hoy-en-haiti-reunion-de-caricom","status":"publish","type":"post","link":"https:\/\/diariodominicano.com\/?p=171188","title":{"rendered":"Concluye hoy en Hait\u00ed reuni\u00f3n de Caricom"},"content":{"rendered":"<p><body><\/p>\n<p><img decoding=\"async\" src=\"img3\/caricom-haiti.jpg\" \/>  <\/p>\n<p><strong> Puerto Pr\u00edncipe, 27 feb (PL) <\/strong>Asegurar la integraci\u00f3n y dejar como legado una Comunidad del Caribe m\u00e1s fuerte es uno de los objetivos del mandatario de Hait\u00ed, Jovenel Moise, presidente pro tempore de Caricom, organismo que concluye hoy sus sesiones en esta capital.<\/p>\n<\/p>\n<p>La cita, que busca crear una regi\u00f3n resiliente para enfrentar el cambio clim\u00e1tico en 2018, debate adem\u00e1s sobre la ampliaci\u00f3n de la pol\u00edtica comunitaria, las relaciones fronterizas entre algunos de sus pa\u00edses y el desarrollo del turismo.<\/p>\n<\/p>\n<p>En su discurso inaugural, Irwin LaRocque, secretario general de Caricom, hizo hincapi\u00e9 en la necesidad de formular estrategias efectivas que disminuyan el crimen y la violencia, principal flagelo que afecta a las familias y terminan con la vida de muchos seres humanos.<\/p>\n<\/p>\n<p>De igual manera se reiter\u00f3 la importancia de extender los lazos comerciales y de cooperaci\u00f3n, as\u00ed como la unidad regional como eje para la gesti\u00f3n de riesgos y desastres.<\/p>\n<\/p>\n<p>El transporte y libre circulaci\u00f3n en el Caribe, el mercado y la econom\u00eda \u00fanicos y la lucha contra el terrorismo, son otras tem\u00e1ticas del encuentro que cierra sus puertas este martes en la capital haitiana.<\/p>\n<h6> 2018-02-27 07:51:14 <\/h6>\n<p><!--\n<link rel=\"stylesheet\" href=\"css\/bootstrap.min.css\">\n\n\n<ul class=\"pagination\">\n\t    \n\t\n\n<li >\n\t<a href='?page_no=6518'>Previous<\/a>\n\t<\/li>\n\n\n       \n    \n\n<li><a href='?page_no=1'>1<\/a><\/li>\n\n\n\n<li><a href='?page_no=2'>2<\/a><\/li>\n\n\n\n<li><a>...<\/a><\/li>\n\n\n\n<li><a href='?page_no=6517'>6517<\/a><\/li>\n\n\n\n<li><a href='?page_no=6518'>6518<\/a><\/li>\n\n\n\n<li class='active'><a>6519<\/a><\/li>\n\n\n\n<li><a href='?page_no=6520'>6520<\/a><\/li>\n\n\n\n<li><a href='?page_no=6521'>6521<\/a><\/li>\n\n\n\n<li><a>...<\/a><\/li>\n\n\n\n<li><a href='?page_no=36999'>36999<\/a><\/li>\n\n\n\n<li><a href='?page_no=37000'>37000<\/a><\/li>\n\n    \n\t\n\n<li >\n\t<a href='?page_no=6520'>Next<\/a>\n\t<\/li>\n\n\n    \n\n<li><a href='?page_no=37000'>Last &rsaquo;&rsaquo;<\/a><\/li>\n\n<\/ul>\n\n\n--><br \/>\n<\/body><\/p>\n","protected":false},"excerpt":{"rendered":"<p>Puerto Pr\u00edncipe, 27 feb (PL) Asegurar la integraci\u00f3n y dejar como legado una Comunidad del Caribe m\u00e1s fuerte es uno de los objetivos del mandatario de Hait\u00ed, Jovenel Moise, presidente pro tempore de Caricom, organismo que concluye hoy sus sesiones en esta capital. La cita, que busca crear una regi\u00f3n resiliente para enfrentar el cambio [&hellip;]<\/p>\n","protected":false},"author":3,"featured_media":0,"comment_status":"open","ping_status":"open","sticky":false,"template":"","format":"standard","meta":{"footnotes":""},"categories":[22],"tags":[],"class_list":["post-171188","post","type-post","status-publish","format-standard","hentry","category-politica"],"_links":{"self":[{"href":"https:\/\/diariodominicano.com\/index.php?rest_route=\/wp\/v2\/posts\/171188","targetHints":{"allow":["GET"]}}],"collection":[{"href":"https:\/\/diariodominicano.com\/index.php?rest_route=\/wp\/v2\/posts"}],"about":[{"href":"https:\/\/diariodominicano.com\/index.php?rest_route=\/wp\/v2\/types\/post"}],"author":[{"embeddable":true,"href":"https:\/\/diariodominicano.com\/index.php?rest_route=\/wp\/v2\/users\/3"}],"replies":[{"embeddable":true,"href":"https:\/\/diariodominicano.com\/index.php?rest_route=%2Fwp%2Fv2%2Fcomments&post=171188"}],"version-history":[{"count":0,"href":"https:\/\/diariodominicano.com\/index.php?rest_route=\/wp\/v2\/posts\/171188\/revisions"}],"wp:attachment":[{"href":"https:\/\/diariodominicano.com\/index.php?rest_route=%2Fwp%2Fv2%2Fmedia&parent=171188"}],"wp:term":[{"taxonomy":"category","embeddable":true,"href":"https:\/\/diariodominicano.com\/index.php?rest_route=%2Fwp%2Fv2%2Fcategories&post=171188"},{"taxonomy":"post_tag","embeddable":true,"href":"https:\/\/diariodominicano.com\/index.php?rest_route=%2Fwp%2Fv2%2Ftags&post=171188"}],"curies":[{"name":"wp","href":"https:\/\/api.w.org\/{rel}","templated":true}]}}