{"id":171187,"date":"2018-02-27T10:17:36","date_gmt":"2018-02-27T10:17:36","guid":{"rendered":"http:\/\/diariodominicano.ddns.net\/?p=171187"},"modified":"2018-02-27T10:17:36","modified_gmt":"2018-02-27T10:17:36","slug":"los-independentistas-barajan-como-presidente-catalan-a-un-lider-preso","status":"publish","type":"post","link":"https:\/\/diariodominicano.com\/?p=171187","title":{"rendered":"Los independentistas barajan como presidente catal\u00e1n a un l\u00edder preso"},"content":{"rendered":"<p><body><\/p>\n<p><img decoding=\"async\" src=\"img3\/c8949a197c63bcaf96c002977d1c36bf9e0f276e.jpg\" \/>  <\/p>\n<p><strong>AFP\/Archivos \/ Llu\u00eds Gen\u00e9<\/strong><\/p>\n<p><strong>Jordi S\u00e1nchez hace un gesto de aprobaci\u00f3n durante una manifestaci\u00f3n el 2 de octubre de 2017 en Barcelona<\/strong><\/p>\n<p>Los partidos independentistas catalanes se acercan a alcanzar un acuerdo para proponer un candidato alternativo a Carles Puigdemont para la presidencia regional, privilegiando a Jordi S\u00e1nchez, un dirigente secesionista encarcelado desde hace m\u00e1s de cuatro meses, anunci\u00f3 un miembro del Parlamento espa\u00f1ol.<\/p>\n<\/p>\n<p>\u00abMe consta que es inminente el acuerdo\u00bb y S\u00e1nchez \u00abes una opci\u00f3n que me consta que se estaba trabajando\u00bb, declar\u00f3 la noche del lunes a la radio Cadena Ser Carles Campuzano, portavoz del PDeCAT, partido conservador e independentista de Puigdemont.<\/p>\n<\/p>\n<p>La lista encabezada por Puigdemont, cesado de la presidencia de Catalu\u00f1a tras la fallida declaraci\u00f3n de secesi\u00f3n de esa regi\u00f3n espa\u00f1ola el 27 de octubre, fue la m\u00e1s votada entre las independentistas en las elecciones regionales del 21 de diciembre.<\/p>\n<\/p>\n<p>Puigdemont, en exilio voluntario en B\u00e9lgica, es investigado en Espa\u00f1a por rebeli\u00f3n y sedici\u00f3n por lo que arriesga ser detenido si regresa a Espa\u00f1a para ser investido presidente regional, pero tampoco puede serlo a distancia, seg\u00fan determin\u00f3 el Tribunal Constitucional.<\/p>\n<\/p>\n<p>Desde fines de enero, las tres formaciones independentistas mayoritarias, con mayor\u00eda en la c\u00e1mara regional con 70 de los 135 esca\u00f1os, buscan superar ese obst\u00e1culo.<\/p>\n<\/p>\n<p>El segundo grupo independentista, Izquierda Republicana de Catalu\u00f1a (ERC), se ha mostrado partidario de no desafiar nuevamente a la justicia espa\u00f1ola y dar solo una presidencia \u00absimb\u00f3lica\u00bb a Puigdemont.<\/p>\n<\/p>\n<p>Seg\u00fan varios medios, Puigdemont habr\u00eda finalmente cedido.<\/p>\n<\/p>\n<p>Seg\u00fan el diario El Pa\u00eds, este domingo en Bruselas tendr\u00e1 lugar un acto para reivindicar \u00abla legitimidad\u00bb de Puigdemont.<\/p>\n<\/p>\n<p>En Barcelona, tal y como confirm\u00f3 Campuzano, los independentistas prev\u00e9n investir al n\u00famero dos de la lista, Jordi Sanchez, dirigente de 53 a\u00f1os de la m\u00e1s influyente de las asociaciones independentistas, la Asamblea Nacional Catalana (ANC).<\/p>\n<\/p>\n<p>S\u00e1nchez se encuentra en prisi\u00f3n provisional desde mediados de octubre investigado por \u00absedici\u00f3n\u00bb en relaci\u00f3n con una manifestaci\u00f3n de independentistas que el 20 de septiembre pasado acorral\u00f3 a guardias civiles mientras efectuaban registros en un edificio del gobierno catal\u00e1n.<\/p>\n<\/p>\n<p>La organizaci\u00f3n Amnist\u00eda Internacional juzg\u00f3 que La encarcelaci\u00f3n de S\u00e1nchez y del l\u00edder de otra asociaci\u00f3n independentista, Jordi Cuixart, fue \u00abexcesiva\u00bb.<\/p>\n<\/p>\n<p>En todo caso, para ser investido S\u00e1nchez tendr\u00e1 que obtener una autorizaci\u00f3n para asistir a la c\u00e1mara regional de parte del juez del Tribunal Supremo a cargo de la investigaci\u00f3n, Pablo Llarena.<\/p>\n<\/p>\n<p>El magistrado ya neg\u00f3 un permiso de salida al vicepresidente catal\u00e1n destituido Oriol Junqueras, tambi\u00e9n elegido en las elecciones de diciembre, para asistir a sesiones parlamentarias.<\/p>\n<\/p>\n<h6> 2018-02-27 10:17:36 <\/h6>\n<p><!--\n<link rel=\"stylesheet\" href=\"css\/bootstrap.min.css\">\n\n\n<ul class=\"pagination\">\n\t    \n\t\n\n<li >\n\t<a href='?page_no=6517'>Previous<\/a>\n\t<\/li>\n\n\n       \n    \n\n<li><a href='?page_no=1'>1<\/a><\/li>\n\n\n\n<li><a href='?page_no=2'>2<\/a><\/li>\n\n\n\n<li><a>...<\/a><\/li>\n\n\n\n<li><a href='?page_no=6516'>6516<\/a><\/li>\n\n\n\n<li><a href='?page_no=6517'>6517<\/a><\/li>\n\n\n\n<li class='active'><a>6518<\/a><\/li>\n\n\n\n<li><a href='?page_no=6519'>6519<\/a><\/li>\n\n\n\n<li><a href='?page_no=6520'>6520<\/a><\/li>\n\n\n\n<li><a>...<\/a><\/li>\n\n\n\n<li><a href='?page_no=36999'>36999<\/a><\/li>\n\n\n\n<li><a href='?page_no=37000'>37000<\/a><\/li>\n\n    \n\t\n\n<li >\n\t<a href='?page_no=6519'>Next<\/a>\n\t<\/li>\n\n\n    \n\n<li><a href='?page_no=37000'>Last &rsaquo;&rsaquo;<\/a><\/li>\n\n<\/ul>\n\n\n--><br \/>\n<\/body><\/p>\n","protected":false},"excerpt":{"rendered":"<p>AFP\/Archivos \/ Llu\u00eds Gen\u00e9 Jordi S\u00e1nchez hace un gesto de aprobaci\u00f3n durante una manifestaci\u00f3n el 2 de octubre de 2017 en Barcelona Los partidos independentistas catalanes se acercan a alcanzar un acuerdo para proponer un candidato alternativo a Carles Puigdemont para la presidencia regional, privilegiando a Jordi S\u00e1nchez, un dirigente secesionista encarcelado desde hace m\u00e1s [&hellip;]<\/p>\n","protected":false},"author":3,"featured_media":0,"comment_status":"open","ping_status":"open","sticky":false,"template":"","format":"standard","meta":{"footnotes":""},"categories":[22],"tags":[],"class_list":["post-171187","post","type-post","status-publish","format-standard","hentry","category-politica"],"_links":{"self":[{"href":"https:\/\/diariodominicano.com\/index.php?rest_route=\/wp\/v2\/posts\/171187","targetHints":{"allow":["GET"]}}],"collection":[{"href":"https:\/\/diariodominicano.com\/index.php?rest_route=\/wp\/v2\/posts"}],"about":[{"href":"https:\/\/diariodominicano.com\/index.php?rest_route=\/wp\/v2\/types\/post"}],"author":[{"embeddable":true,"href":"https:\/\/diariodominicano.com\/index.php?rest_route=\/wp\/v2\/users\/3"}],"replies":[{"embeddable":true,"href":"https:\/\/diariodominicano.com\/index.php?rest_route=%2Fwp%2Fv2%2Fcomments&post=171187"}],"version-history":[{"count":0,"href":"https:\/\/diariodominicano.com\/index.php?rest_route=\/wp\/v2\/posts\/171187\/revisions"}],"wp:attachment":[{"href":"https:\/\/diariodominicano.com\/index.php?rest_route=%2Fwp%2Fv2%2Fmedia&parent=171187"}],"wp:term":[{"taxonomy":"category","embeddable":true,"href":"https:\/\/diariodominicano.com\/index.php?rest_route=%2Fwp%2Fv2%2Fcategories&post=171187"},{"taxonomy":"post_tag","embeddable":true,"href":"https:\/\/diariodominicano.com\/index.php?rest_route=%2Fwp%2Fv2%2Ftags&post=171187"}],"curies":[{"name":"wp","href":"https:\/\/api.w.org\/{rel}","templated":true}]}}