{"id":171186,"date":"2018-02-27T11:15:20","date_gmt":"2018-02-27T11:15:20","guid":{"rendered":"http:\/\/diariodominicano.ddns.net\/?p=171186"},"modified":"2018-02-27T11:15:20","modified_gmt":"2018-02-27T11:15:20","slug":"presidente-del-senado-asegura-organismo-aprobara-la-ley-de-partidos-en-abril","status":"publish","type":"post","link":"https:\/\/diariodominicano.com\/?p=171186","title":{"rendered":"Presidente del Senado asegura organismo aprobar\u00e1 la Ley de Partidos en abril"},"content":{"rendered":"<p><body><\/p>\n<p><img decoding=\"async\" src=\"img3\/Pared Prez27.jpg\" \/>  <\/p>\n<p><span class=\"text1noticias\">Santo Domingo, R. D., 27 de febrero, 2018.- El presidente del Senado, doctor Reinaldo Pared P\u00e9rez, garantiz\u00f3 este martes, que la Ley de Partidos, Movimientos y Agrupaciones Pol\u00edticas?,? ser\u00e1 aprobada por el organismo que preside en el mes de abril, y remitida a la C\u00e1mara de Diputados, lo que a su juicio es una garant\u00eda de que las pr\u00f3ximas elecciones ser\u00e1n celebradas con el referido marco legal. <\/span><\/p>\n<p><span class=\"text1noticias\"> <\/span><\/p>\n<p><span class=\"text1noticias\">Al pronunciar un discurso ante la Asamblea Nacional reunida para escuchar las memorias del 2017 presentadas por el presidente Danilo Medina, el presidente del Senado expres\u00f3 que la pr\u00f3xima semana designar\u00e1 una comisi\u00f3n especial de senadores para que estudie el referido proyecto de Ley. <\/span><\/p>\n<p><span class=\"text1noticias\"> <\/span><\/p>\n<p><span class=\"text1noticias\">\u00abCitamos de \u00faltimo el proyecto de Ley de Partidos, Movimientos y Agrupaciones Pol\u00edticas, lo cual hemos hecho a prop\u00f3sito y de manera deliberada, a los fines y objetivos de aclararles a nuestros colegas legisladores y legisladoras, algunas situaciones que han dado lugar a controversias y de evitar que la confusi\u00f3n y el desconocimiento se aposenten, al momento de conocer esta pieza legislativa\u00bb, expres\u00f3 el doctor Pared P\u00e9rez. <\/span><\/p>\n<p><span class=\"text1noticias\"> <\/span><\/p>\n<p><span class=\"text1noticias\">Cit\u00f3 que ese proyecto ya ha sido ampliamente conocido, consultado, discutido y debatido por una comisi\u00f3n bicameral en centenares de horas de estudio que, al no poder rendir el informe correspondiente por causas ajenas a la voluntad sus integrantes y habiendo transcurrido dos legislaturas para su aprobaci\u00f3n, el mismo perimi\u00f3. <\/span><\/p>\n<p><span class=\"text1noticias\"> <\/span><\/p>\n<p><span class=\"text1noticias\">Pared P\u00e9rez expres\u00f3 que habiendo sido apoderado, nuevamente, el Senado de ese proyecto de Ley, \u00aben la pr\u00f3xima sesi\u00f3n que deber\u00e1 celebrar la semana entrante el pleno de dicha c\u00e1mara congresual, propondremos la integraci\u00f3n de una comisi\u00f3n especial de senadores, cuesti\u00f3n esta que permita conocer  m\u00e1s r\u00e1pida y \u00e1gilmente dicho proyecto y pueda ser aprobado el mes que viene para su posterior env\u00edo a la C\u00e1mara de Diputados\u00bb. <\/span><\/p>\n<p><span class=\"text1noticias\"> <\/span><\/p>\n<p><span class=\"text1noticias\">Exitoso Foro Legislativo Empresarial.- Tras resaltar el significado hist\u00f3rico del 27 de Febrero en la fundaci\u00f3n de la Rep\u00fablica Dominicana en el a\u00f1o 1844, el doctor Reinaldo Pared P\u00e9rez resalt\u00f3 la importancia del reci\u00e9n celebrado \u00abForo Legislativo Empresarial\u00bb, en colaboraci\u00f3n con el Consejo Nacional de la Empresa Privada (CONEP), con el organizado con el prop\u00f3sito de identificar un determinado n\u00famero de iniciativas legislativas, que debido a su trascendencias se les dar\u00e1 un tratamiento priorizado en la legislatura iniciada este martes. <\/span><\/p>\n<p><span class=\"text1noticias\"> <\/span><\/p>\n<p><span class=\"text1noticias\">Nutrida y variada agenda legislativa.- El presidente del Senado calific\u00f3 como \u00abnutrida, variada y copiosa\u00bb la agenda que deber\u00e1n conocer las c\u00e1maras legislativas en la presente legislatura, lo cual deber\u00e1 merecer la atenci\u00f3n y tratamiento del Congreso Nacional. <\/span><\/p>\n<p><span class=\"text1noticias\"> <\/span><\/p>\n<p><span class=\"text1noticias\">\u00abPor lo tanto invitamos a todos los sectores que tengan alg\u00fan tipo de inter\u00e9s de colaboraci\u00f3n dependiendo del tema, a que participen aportando sus ideas y propuestas que consideren de lugar\u00bb, observ\u00f3 Pared P\u00e9rez. <\/span><\/p>\n<p><span class=\"text1noticias\"> <\/span><\/p>\n<p><span class=\"text1noticias\">Venezuela, Juan Bosch y Danilo Medina.- El doctor Reinaldo Pared P\u00e9rez resalt\u00f3 la obra de gobierno que en casi seis a\u00f1os ha impulsado el gobierno presidido por el licenciado Danilo Medina S\u00e1nchez. <\/span><\/p>\n<p><span class=\"text1noticias\"> <\/span><\/p>\n<p><span class=\"text1noticias\">\u00abAl echar una mirada retrospectiva a las ejecutorias llevadas a cabo en ese espacio de tiempo, los resultados son altamente positivos y \u00f3ptimos en beneficio de la Naci\u00f3n, los cuales se pueden apreciar en el aspecto social, educativo, agropecuario, tur\u00edstico, de infraestructuras, salud&#8230;\u00bb, dijo el presidente del Senado.<\/span><\/p>\n<p><span class=\"text1noticias\"> <\/span><\/p>\n<p><span class=\"text1noticias\">Resalt\u00f3 los esfuerzos del presidente Danilo Medina en procurar una salida democr\u00e1tica y negociada a la crisis de Venezuela. <\/span><\/p>\n<p><span class=\"text1noticias\"> <\/span><\/p>\n<p><span class=\"text1noticias\">Seg\u00fan Reinaldo Pared P\u00e9rez, la mediaci\u00f3n del presidente Danilo Medina sobre la crisis de Venezuela, \u00abrevelan la puesta en escena, de una de las facetas que distinguieron a su Maestro, L\u00edder y Gu\u00eda, el profesor Juan Bosch y que es el nuestro tambi\u00e9n, el de ser un practicante del internacionalismo latinoamericano\u00bb. <\/span><\/p>\n<p><span class=\"text1noticias\"> <\/span><\/p>\n<p><span class=\"text1noticias\">Expreso que, con esa participaci\u00f3n mediadora, los objetivos y prop\u00f3sitos no son otros que perseguir que los dem\u00e1s pa\u00edses del \u00e1rea transiten por los senderos del desarrollo, del crecimiento, del progreso, la modernidad, la transparencia y la estabilidad. <\/span><\/p>\n<p><span class=\"text1noticias\"> <\/span><\/p>\n<p><span class=\"text1noticias\">\u00abTal y como ha venido dirigiendo Usted a la Rep\u00fablica Dominicana, a nombre y representaci\u00f3n del Partido de la Liberaci\u00f3n Dominicana y fuerzas aliadas\u00bb, concluy\u00f3 el doctor Reinaldo Pared P\u00e9rez.  <\/span><\/p>\n<\/p>\n<p><span class=\"text1noticias\">Fuente: Unidad de Comunicaci\u00f3n<\/span> e Imagen, <\/p>\n<p>Senado de la Rep\u00fablica,<\/p>\n<h6> 2018-02-27 11:15:20 <\/h6>\n<p><!--\n<link rel=\"stylesheet\" href=\"css\/bootstrap.min.css\">\n\n\n<ul class=\"pagination\">\n\t    \n\t\n\n<li >\n\t<a href='?page_no=6516'>Previous<\/a>\n\t<\/li>\n\n\n       \n    \n\n<li><a href='?page_no=1'>1<\/a><\/li>\n\n\n\n<li><a href='?page_no=2'>2<\/a><\/li>\n\n\n\n<li><a>...<\/a><\/li>\n\n\n\n<li><a href='?page_no=6515'>6515<\/a><\/li>\n\n\n\n<li><a href='?page_no=6516'>6516<\/a><\/li>\n\n\n\n<li class='active'><a>6517<\/a><\/li>\n\n\n\n<li><a href='?page_no=6518'>6518<\/a><\/li>\n\n\n\n<li><a href='?page_no=6519'>6519<\/a><\/li>\n\n\n\n<li><a>...<\/a><\/li>\n\n\n\n<li><a href='?page_no=36999'>36999<\/a><\/li>\n\n\n\n<li><a href='?page_no=37000'>37000<\/a><\/li>\n\n    \n\t\n\n<li >\n\t<a href='?page_no=6518'>Next<\/a>\n\t<\/li>\n\n\n    \n\n<li><a href='?page_no=37000'>Last &rsaquo;&rsaquo;<\/a><\/li>\n\n<\/ul>\n\n\n--><br \/>\n<\/body><\/p>\n","protected":false},"excerpt":{"rendered":"<p>Santo Domingo, R. D., 27 de febrero, 2018.- El presidente del Senado, doctor Reinaldo Pared P\u00e9rez, garantiz\u00f3 este martes, que la Ley de Partidos, Movimientos y Agrupaciones Pol\u00edticas?,? ser\u00e1 aprobada por el organismo que preside en el mes de abril, y remitida a la C\u00e1mara de Diputados, lo que a su juicio es una garant\u00eda [&hellip;]<\/p>\n","protected":false},"author":3,"featured_media":0,"comment_status":"open","ping_status":"open","sticky":false,"template":"","format":"standard","meta":{"footnotes":""},"categories":[22],"tags":[],"class_list":["post-171186","post","type-post","status-publish","format-standard","hentry","category-politica"],"_links":{"self":[{"href":"https:\/\/diariodominicano.com\/index.php?rest_route=\/wp\/v2\/posts\/171186","targetHints":{"allow":["GET"]}}],"collection":[{"href":"https:\/\/diariodominicano.com\/index.php?rest_route=\/wp\/v2\/posts"}],"about":[{"href":"https:\/\/diariodominicano.com\/index.php?rest_route=\/wp\/v2\/types\/post"}],"author":[{"embeddable":true,"href":"https:\/\/diariodominicano.com\/index.php?rest_route=\/wp\/v2\/users\/3"}],"replies":[{"embeddable":true,"href":"https:\/\/diariodominicano.com\/index.php?rest_route=%2Fwp%2Fv2%2Fcomments&post=171186"}],"version-history":[{"count":0,"href":"https:\/\/diariodominicano.com\/index.php?rest_route=\/wp\/v2\/posts\/171186\/revisions"}],"wp:attachment":[{"href":"https:\/\/diariodominicano.com\/index.php?rest_route=%2Fwp%2Fv2%2Fmedia&parent=171186"}],"wp:term":[{"taxonomy":"category","embeddable":true,"href":"https:\/\/diariodominicano.com\/index.php?rest_route=%2Fwp%2Fv2%2Fcategories&post=171186"},{"taxonomy":"post_tag","embeddable":true,"href":"https:\/\/diariodominicano.com\/index.php?rest_route=%2Fwp%2Fv2%2Ftags&post=171186"}],"curies":[{"name":"wp","href":"https:\/\/api.w.org\/{rel}","templated":true}]}}