{"id":171184,"date":"2018-02-27T16:25:26","date_gmt":"2018-02-27T16:25:26","guid":{"rendered":"http:\/\/diariodominicano.ddns.net\/?p=171184"},"modified":"2018-02-27T16:25:26","modified_gmt":"2018-02-27T16:25:26","slug":"prd-rinde-honores-a-los-padres-de-la-patria","status":"publish","type":"post","link":"https:\/\/diariodominicano.com\/?p=171184","title":{"rendered":"PRD rinde honores a los  Padres de la Patria"},"content":{"rendered":"<p><body><\/p>\n<p><img decoding=\"async\" src=\"img3\/DSC_0107.JPG\" \/><br \/><img decoding=\"async\" src=\"img3\/DSC_0119.JPG\" \/>  <\/p>\n<p><strong>SANTO DOMINGO, RD, 27 de febrero de 2018.<\/strong>&#8211;  Con una ofrenda floral en el Altar de la Patria, el Partido Revolucionario Dominicano (PRD) rindi\u00f3 homenaje este martes a los padres de la nacionalidad en ocasi\u00f3n del 174 aniversario de la Independencia.<\/p>\n<\/p>\n<p>La ofrenda fue realizada por una nutrida delegaci\u00f3n de dirigentes medios del PRD encabezados, entre otros, por Stormy Reynoso Sicard, H\u00e9ctor Marte, Julio C\u00e9sar Arias Mota, Dayanara Mota, Enerolisa Andujar, Sonia Jim\u00e9nez y Miguel Abreu.<\/p>\n<\/p>\n<p>El partido blanco emiti\u00f3 una declaraci\u00f3n valorando el significado de la gesta libertadora de 1944 que culmin\u00f3 con la Independencia Nacional.<\/p>\n<\/p>\n<p>\u00abDominicanos y Dominicanas: celebremos hoy con orgullo nuestra Independencia Nacional. Honremos a los Padres de la Patria que hace 174 a\u00f1os le dieron libertad a nuestro pueblo\u00bb, escribi\u00f3 el presidente de la organizaci\u00f3n, Miguel Vargas Maldonado, en su cuenta de twiter.<\/p>\n<\/p>\n<h6> 2018-02-27 16:25:26 <\/h6>\n<p><!--\n<link rel=\"stylesheet\" href=\"css\/bootstrap.min.css\">\n\n\n<ul class=\"pagination\">\n\t    \n\t\n\n<li >\n\t<a href='?page_no=6514'>Previous<\/a>\n\t<\/li>\n\n\n       \n    \n\n<li><a href='?page_no=1'>1<\/a><\/li>\n\n\n\n<li><a href='?page_no=2'>2<\/a><\/li>\n\n\n\n<li><a>...<\/a><\/li>\n\n\n\n<li><a href='?page_no=6513'>6513<\/a><\/li>\n\n\n\n<li><a href='?page_no=6514'>6514<\/a><\/li>\n\n\n\n<li class='active'><a>6515<\/a><\/li>\n\n\n\n<li><a href='?page_no=6516'>6516<\/a><\/li>\n\n\n\n<li><a href='?page_no=6517'>6517<\/a><\/li>\n\n\n\n<li><a>...<\/a><\/li>\n\n\n\n<li><a href='?page_no=36999'>36999<\/a><\/li>\n\n\n\n<li><a href='?page_no=37000'>37000<\/a><\/li>\n\n    \n\t\n\n<li >\n\t<a href='?page_no=6516'>Next<\/a>\n\t<\/li>\n\n\n    \n\n<li><a href='?page_no=37000'>Last &rsaquo;&rsaquo;<\/a><\/li>\n\n<\/ul>\n\n\n--><br \/>\n<\/body><\/p>\n","protected":false},"excerpt":{"rendered":"<p>SANTO DOMINGO, RD, 27 de febrero de 2018.&#8211; Con una ofrenda floral en el Altar de la Patria, el Partido Revolucionario Dominicano (PRD) rindi\u00f3 homenaje este martes a los padres de la nacionalidad en ocasi\u00f3n del 174 aniversario de la Independencia. La ofrenda fue realizada por una nutrida delegaci\u00f3n de dirigentes medios del PRD encabezados, [&hellip;]<\/p>\n","protected":false},"author":3,"featured_media":0,"comment_status":"open","ping_status":"open","sticky":false,"template":"","format":"standard","meta":{"footnotes":""},"categories":[22],"tags":[],"class_list":["post-171184","post","type-post","status-publish","format-standard","hentry","category-politica"],"_links":{"self":[{"href":"https:\/\/diariodominicano.com\/index.php?rest_route=\/wp\/v2\/posts\/171184","targetHints":{"allow":["GET"]}}],"collection":[{"href":"https:\/\/diariodominicano.com\/index.php?rest_route=\/wp\/v2\/posts"}],"about":[{"href":"https:\/\/diariodominicano.com\/index.php?rest_route=\/wp\/v2\/types\/post"}],"author":[{"embeddable":true,"href":"https:\/\/diariodominicano.com\/index.php?rest_route=\/wp\/v2\/users\/3"}],"replies":[{"embeddable":true,"href":"https:\/\/diariodominicano.com\/index.php?rest_route=%2Fwp%2Fv2%2Fcomments&post=171184"}],"version-history":[{"count":0,"href":"https:\/\/diariodominicano.com\/index.php?rest_route=\/wp\/v2\/posts\/171184\/revisions"}],"wp:attachment":[{"href":"https:\/\/diariodominicano.com\/index.php?rest_route=%2Fwp%2Fv2%2Fmedia&parent=171184"}],"wp:term":[{"taxonomy":"category","embeddable":true,"href":"https:\/\/diariodominicano.com\/index.php?rest_route=%2Fwp%2Fv2%2Fcategories&post=171184"},{"taxonomy":"post_tag","embeddable":true,"href":"https:\/\/diariodominicano.com\/index.php?rest_route=%2Fwp%2Fv2%2Ftags&post=171184"}],"curies":[{"name":"wp","href":"https:\/\/api.w.org\/{rel}","templated":true}]}}