{"id":171183,"date":"2018-02-27T19:30:28","date_gmt":"2018-02-27T19:30:28","guid":{"rendered":"http:\/\/diariodominicano.ddns.net\/?p=171183"},"modified":"2018-02-27T19:30:28","modified_gmt":"2018-02-27T19:30:28","slug":"maduro-inscribe-candidatura-para-reeleccion-en-presidenciales-del-22-de-abril","status":"publish","type":"post","link":"https:\/\/diariodominicano.com\/?p=171183","title":{"rendered":"Maduro inscribe candidatura para reelecci\u00f3n en presidenciales del 22 de abril"},"content":{"rendered":"<p><body><\/p>\n<p><img decoding=\"async\" src=\"img3\/137002541_15197052901851n.jpg\" \/><br \/><img decoding=\"async\" src=\"img3\/137004205_15197770427831n.jpg\" \/>  <\/p>\n<p><strong>El presidente de Venezuela, Nicol\u00e1s Maduro (c), reacciona durante una movilizaci\u00f3n previo a su inscripci\u00f3n ante el Consejo Nacional Electoral (CNE), en Caracas, Venezuela, el 27 de febrero de 2018. Maduro asisti\u00f3 el martes a la sede del CNE a presentar su postulaci\u00f3n formal para las elecciones presidenciales. Esos comicios, que tradicionalmente se celebran durante diciembre del a\u00f1o comicial, fueron adelantados para este primer cuatrimestre por decisi\u00f3n de la Asamblea Nacional Constituyente (ANC). (Xinhua\/Boris Vergara)<\/strong><\/p>\n<p><strong>CARACAS, 27 feb (Xinhua) &#8212;<\/strong> El presidente de Venezuela, Nicol\u00e1s Maduro, present\u00f3 hoy martes su postulaci\u00f3n oficial ante el Consejo Nacional Electoral (CNE) para las elecciones presidenciales del 22 de abril, cuando buscar\u00e1 ser reelecto.<\/p>\n<\/p>\n<p>\u00abHago entrega formal (de la postulaci\u00f3n), cumpliendo todos los requisitos constitucionales y legales para convertirme en el candidato presidencial del bloque revolucionario, patri\u00f3ticas, bolivarianas y chavistas de Venezuela\u00bb, expres\u00f3 Maduro durante el acto.<\/p>\n<\/p>\n<p>La formalizaci\u00f3n la hizo el mandatario ante las autoridades del CNE, una de ellas su presidenta, Tibisay Lucena, quien le entreg\u00f3 el respectivo comprobante de postulaci\u00f3n.<\/p>\n<\/p>\n<p>Maduro entreg\u00f3 a Lucena el Plan de la Patria para el per\u00edodo 2019-2025 que, dijo, fue consultado a m\u00e1s de 3,5 millones de venezolanos con el fin de \u00abprofundizar el camino y el legado\u00bb del fallecido mandatario Hugo Ch\u00e1vez (1999-2013).<\/p>\n<\/p>\n<p>La postulaci\u00f3n de Maduro fue respaldada por el gobernante Partido Socialista Unido de Venezuela (PSUV), el reci\u00e9n creado Movimiento Somos Venezuela, el Movimiento Tupamaro, Patria Para Todos (PPT), Movimiento Alianza para el Cambio y Partido Comunista de Venezuela (PCV), entre otros.<\/p>\n<\/p>\n<p>El pr\u00f3ximo 22 de abril se llevar\u00e1n a cabo las elecciones presidenciales adelantadas por decisi\u00f3n de la Asamblea Nacional Constituyente (ANC).<\/p>\n<\/p>\n<p>Maduro, quien result\u00f3 electo en los comicios de 2013 tras la muerte de Ch\u00e1vez, aspira ser reelecto como presidente de Venezuela para el per\u00edodo constitucional 2019-2025.<\/p>\n<p><strong> <\/strong><\/p>\n<p><strong>Maduro dice estar \u00abpreparado\u00bb para contender en comicios presidenciales<\/strong><\/p>\n<\/p>\n<p><strong>   CARACAS, 27 feb (Xinhua) &#8212;<\/strong> El presidente de Venezuela, Nicol\u00e1s Maduro, afirm\u00f3 hoy martes estar \u00abpreparado\u00bb para contender en las elecciones presidenciales del 22 de abril.<\/p>\n<\/p>\n<p>   \u00abEstoy preparado espiritualmente, estoy preparado an\u00edmicamente, estoy preparado f\u00edsicamente (&#8230;) estoy preparado electoralmente\u00bb, dijo Maduro durante una concentraci\u00f3n con seguidores en Caracas, tras formalizar la inscripci\u00f3n de su candidatura ante el Poder Electoral.<\/p>\n<\/p>\n<p>   El mandatario pidi\u00f3 a los militantes que \u00abnos preparemos en cada hogar, (sobre) cu\u00e1ntos votos tenemos en cada hogar por familia. Una lista, hogar por hogar, cu\u00e1ntos votos tenemos en cada UBCH (Unidades de Batalla Bol\u00edvar Ch\u00e1vez), en cada comuna, cada CLAP (sistema de abastecimiento), cu\u00e1ntos votos\u00bb.<\/p>\n<\/p>\n<p>   \u00abCu\u00e1ntos votos tenemos en cada comunidad, en cada universidad, en cada fabrica\u00bb, agreg\u00f3 Maduro. Hay que \u00abprepararnos milim\u00e9tricamente\u00bb.<\/p>\n<\/p>\n<p>   El mandatario venezolano, quien aspira a ser reelecto el 22 de abril para el periodo 2019-2025, consider\u00f3 que en contexto de esos comicios \u00abtenemos dos escenarios electorales a enfrentar\u00bb.<\/p>\n<\/p>\n<p>   El primero, dijo, que la alianza opositora Mesa de la Unidad Democr\u00e1tica (MUD) postule a un candidato.<\/p>\n<\/p>\n<p>   El mandatario dijo que en caso de que los opositores se inscriban, \u00abtienen todas las garant\u00edas internacionales, nacionales y electorales. La \u00fanica garant\u00eda que no les voy a dar es que nos ganen las elecciones presidenciales, esa no se la voy a dar\u00bb.<\/p>\n<\/p>\n<p>   \u00abSi no se inscriben es porque saben que al pueblo y a Nicol\u00e1s Maduro no les ganan unas elecciones de ninguna forma\u00bb, indic\u00f3. <\/p>\n<\/p>\n<p>   El segundo escenario, apunt\u00f3 el mandatario, es que \u00ablos partidos pol\u00edticos de la oposici\u00f3n, sumisos, arrodillados al imperialismo norteamericano, no inscriban candidato presidencial y hagan un llamado a la abstenci\u00f3n, al boicot y al sabotaje electoral\u00bb.<\/p>\n<\/p>\n<p>   \u00abEn ese caso, los patriotas (&#8230;) que amamos este pa\u00eds debemos organizarnos para darles una lecci\u00f3n de votos\u00bb, subray\u00f3 al solicitar a sus seguidores activar la \u00abmaquinaria 4&#215;4\u00bb (b\u00fasqueda de 10 votos por cada militante), a trav\u00e9s de las UBCH, los CLAP y los diversos sectores sociales.<\/p>\n<\/p>\n<p>   Mencion\u00f3 que si la oposici\u00f3n local no se postula para esos comicios, el chavismo tendr\u00e1 que prepararse para \u00abderrotarla en cualquier terreno\u00bb, pues, consider\u00f3 que si no participan, \u00ab\u00bfc\u00f3mo van a tomar el poder pol\u00edtico y ganar la Presidencia?\u00bb.<\/p>\n<\/p>\n<p>   \u00ab\u00bfQu\u00e9 van a hacer un d\u00eda despu\u00e9s de las elecciones, un golpe de Estado? \u00bfY el pueblo aceptar\u00eda un golpe de Estado o se lanzar\u00eda a las calles a combatir?\u00bb, a\u00f1adi\u00f3 Maduro, quien pregunt\u00f3 tambi\u00e9n si los venezolanos aceptar\u00e1n una \u00abintervenci\u00f3n extranjera\u00bb.<\/p>\n<\/p>\n<p>   Maduro asisti\u00f3 este martes a la sede del Consejo Nacional Electoral a presentar su postulaci\u00f3n formal para las elecciones presidenciales.<\/p>\n<\/p>\n<p>   Esos comicios, que tradicionalmente se celebran durante diciembre del a\u00f1o comicial, fueron adelantados para este primer cuatrimestre por decisi\u00f3n de la Asamblea Nacional Constituyente (ANC).<\/p>\n<\/p>\n<p>   El 22 de abril fue establecido por el Poder Electoral como fecha para esas elecciones, tras considerar el documento que el gobierno firm\u00f3 en Rep\u00fablica Dominicana en el marco del di\u00e1logo con la oposici\u00f3n, que rechaz\u00f3 la convocatoria anticipada. Fin<\/p>\n<\/p>\n<\/p>\n<\/p>\n<h6> 2018-02-27 19:30:28 <\/h6>\n<p><!--\n<link rel=\"stylesheet\" href=\"css\/bootstrap.min.css\">\n\n\n<ul class=\"pagination\">\n\t    \n\t\n\n<li >\n\t<a href='?page_no=6513'>Previous<\/a>\n\t<\/li>\n\n\n       \n    \n\n<li><a href='?page_no=1'>1<\/a><\/li>\n\n\n\n<li><a href='?page_no=2'>2<\/a><\/li>\n\n\n\n<li><a>...<\/a><\/li>\n\n\n\n<li><a href='?page_no=6512'>6512<\/a><\/li>\n\n\n\n<li><a href='?page_no=6513'>6513<\/a><\/li>\n\n\n\n<li class='active'><a>6514<\/a><\/li>\n\n\n\n<li><a href='?page_no=6515'>6515<\/a><\/li>\n\n\n\n<li><a href='?page_no=6516'>6516<\/a><\/li>\n\n\n\n<li><a>...<\/a><\/li>\n\n\n\n<li><a href='?page_no=36999'>36999<\/a><\/li>\n\n\n\n<li><a href='?page_no=37000'>37000<\/a><\/li>\n\n    \n\t\n\n<li >\n\t<a href='?page_no=6515'>Next<\/a>\n\t<\/li>\n\n\n    \n\n<li><a href='?page_no=37000'>Last &rsaquo;&rsaquo;<\/a><\/li>\n\n<\/ul>\n\n\n--><br \/>\n<\/body><\/p>\n","protected":false},"excerpt":{"rendered":"<p>El presidente de Venezuela, Nicol\u00e1s Maduro (c), reacciona durante una movilizaci\u00f3n previo a su inscripci\u00f3n ante el Consejo Nacional Electoral (CNE), en Caracas, Venezuela, el 27 de febrero de 2018. Maduro asisti\u00f3 el martes a la sede del CNE a presentar su postulaci\u00f3n formal para las elecciones presidenciales. Esos comicios, que tradicionalmente se celebran durante [&hellip;]<\/p>\n","protected":false},"author":3,"featured_media":0,"comment_status":"open","ping_status":"open","sticky":false,"template":"","format":"standard","meta":{"footnotes":""},"categories":[22],"tags":[],"class_list":["post-171183","post","type-post","status-publish","format-standard","hentry","category-politica"],"_links":{"self":[{"href":"https:\/\/diariodominicano.com\/index.php?rest_route=\/wp\/v2\/posts\/171183","targetHints":{"allow":["GET"]}}],"collection":[{"href":"https:\/\/diariodominicano.com\/index.php?rest_route=\/wp\/v2\/posts"}],"about":[{"href":"https:\/\/diariodominicano.com\/index.php?rest_route=\/wp\/v2\/types\/post"}],"author":[{"embeddable":true,"href":"https:\/\/diariodominicano.com\/index.php?rest_route=\/wp\/v2\/users\/3"}],"replies":[{"embeddable":true,"href":"https:\/\/diariodominicano.com\/index.php?rest_route=%2Fwp%2Fv2%2Fcomments&post=171183"}],"version-history":[{"count":0,"href":"https:\/\/diariodominicano.com\/index.php?rest_route=\/wp\/v2\/posts\/171183\/revisions"}],"wp:attachment":[{"href":"https:\/\/diariodominicano.com\/index.php?rest_route=%2Fwp%2Fv2%2Fmedia&parent=171183"}],"wp:term":[{"taxonomy":"category","embeddable":true,"href":"https:\/\/diariodominicano.com\/index.php?rest_route=%2Fwp%2Fv2%2Fcategories&post=171183"},{"taxonomy":"post_tag","embeddable":true,"href":"https:\/\/diariodominicano.com\/index.php?rest_route=%2Fwp%2Fv2%2Ftags&post=171183"}],"curies":[{"name":"wp","href":"https:\/\/api.w.org\/{rel}","templated":true}]}}