{"id":171181,"date":"2018-02-27T20:32:21","date_gmt":"2018-02-27T20:32:21","guid":{"rendered":"http:\/\/diariodominicano.ddns.net\/?p=171181"},"modified":"2018-02-27T20:32:21","modified_gmt":"2018-02-27T20:32:21","slug":"dirigentes-politicos-de-la-oposicion-rechazan-contenido-del-discurso-del-presidente-medina","status":"publish","type":"post","link":"https:\/\/diariodominicano.com\/?p=171181","title":{"rendered":"Dirigentes pol\u00edticos de la oposici\u00f3n rechazan contenido del discurso del presidente Medina"},"content":{"rendered":"<p><body><\/p>\n<p><img decoding=\"async\" src=\"img3\/Minou00.jpg\" \/><br \/><img decoding=\"async\" src=\"img3\/Max Puig00.jpg\" \/><br \/><img decoding=\"async\" src=\"img3\/Alianza Pais00.jpg\" \/>  <\/p>\n<p><strong> <\/strong><\/p>\n<p><strong>SANTO DOMINGO, RD, 27 de febrero de 2018.<\/strong>&#8211; Minou Tav\u00e1rez Mirabal, presidenta de Opci\u00f3n Democr\u00e1tica, calific\u00f3 la rendici\u00f3n de cuentas del presidente Danilo Medina como un discurso reeleccionista en el que evadi\u00f3 los temas realmente importantes, como la corrupci\u00f3n.<\/p>\n<p>Max Puig de la Alianza por la Democracia (APD) cuestion\u00f3  que  temas que calific\u00f3 de \u00abvitales para el pa\u00eds no fueron tratados por el presidente de la Republica, como la lucha contra la corrupci\u00f3n, el endeudamiento externo, el pacto el\u00e9ctrico y los nuevos impuestos que propone el FMI. <\/p>\n<\/p>\n<p>Pelegr\u00edn Castillo consider\u00f3  que es triunfo del pueblo que el Presidente Danilo Medina se pronunciara este martes sobre migraci\u00f3n y frontera&#8230;\u00bbpero la mejor forma de decir es hacer\u00bb .<\/p>\n<\/p>\n<p>En  comunicado el dirigente de la Fuerza Nacional Progresista indic\u00f3 \u00abla movilizaci\u00f3n del pueblo debe continuar&#8230;la clase pol\u00edtica en el gobierno y la oposici\u00f3n solo reacciona cuando el pueblo se empodera y reclama&#8230;El control tecnol\u00f3gico es importante, pero Israel, l\u00edder mundial en tecnolog\u00eda militar, sabe que se necesita un muro bien alto. Eso lo entendieron  USA, India y Espa\u00f1a que dominan tambi\u00e9n la tecnolog\u00eda\u00bb.<\/p>\n<\/p>\n<p>Alianza Pa\u00eds no le confiere importancia al contenido del discurso del Jefe del Estado. Considera en su ficc\u00f3n pol\u00edtica, el presidente Danilo Medina, \u00abdesconoce como el modelo econ\u00f3mico impuesto por el PLD, afecta a una clase media que para subsistir depende del pluriempleo\u00bb. <\/p>\n<\/p>\n<p>De su lado, el presidente de Alianza por la Democracia, Max Puig al cuestionar el contenido del discurso a la Naci\u00f3n del presidente Medina, consider\u00f3  que  \u00abtemas vitales para el pa\u00eds no fueron tratados por el presidente de la Republica, como la lucha contra la corrupci\u00f3n, el endeudamiento externo, el pacto el\u00e9ctrico y los nuevos impuestos que propone el FMI. El dirigente pol\u00edtico precis\u00f3 que el presidente trat\u00f3 de soslayo cuestiones tan importantes como la persecuci\u00f3n de os implicados en el caso Odebrecht y manej\u00f3 a su antojo las cifras correspondientes al empleo, la pobreza y la seguridad social. <\/p>\n<\/p>\n<p>En New York, la seccional del Partido Alianza Pa\u00eds dijo que \u00aben su ficc\u00f3n pol\u00edtica, el presidente Danilo Medina, \u00abdesconoce como el modelo econ\u00f3mico impuesto por el PLD, afecta a una clase media que para subsistir depende del pluriempleo\u00bb. <\/p>\n<\/p>\n<p>Las declaraciones fueron ofrecidas por el coordinador en EEUU, Luis Mayoban\u00e9x Rodr\u00edguez, mientras se realizaba el denominado \u00bb plant\u00f3n contra la corrupci\u00f3n y la impunidad\u00bb en celebraci\u00f3n al 174 aniversario de la independencia Dominicana, con la asistencia de decenas de aliancistas que se manifestaron en la avenida San N\u00edcholas y calle 181, en el Alto Manhattan. <\/p>\n<\/p>\n<p><strong>Minou Tavarez<\/strong><\/p>\n<\/p>\n<p>Minou Tavarez valor\u00f3 como \u00ablo m\u00e1s importante\u00bb del acto anual el anuncio de Reynaldo Pared P\u00e9rez que a su entender dio como un hecho lo de las primarias abiertas. <\/p>\n<\/p>\n<p>A su juicio, la alocuci\u00f3n realizada este 27 de febrero estuvo \u00abllena de propuestas y promesas y no dijo en ning\u00fan caso como va a financiar lo que dice que va a hacer, ni si est\u00e1n los aviones, barcos, helic\u00f3pteros y  drones en el presupuesto aprobado para el 2018\u00bb.<\/p>\n<\/p>\n<p><strong>Max Puig  dice omiti\u00f3 cuestiones fundamentales<\/strong><\/p>\n<\/p>\n<p>El presidente de la APD al cuestionar el contenido del discurso a la Naci\u00f3n del presidente Medina, consider\u00f3  que  \u00abtemas vitales para el pa\u00eds no fueron tratados por el presidente de la Republica, como la lucha contra la corrupci\u00f3n, el endeudamiento externo, el pacto el\u00e9ctrico y los nuevos impuestos que propone el FMI. El dirigente pol\u00edtico dijo que el presidente trat\u00f3 de soslayo cuestiones tan importantes como la persecuci\u00f3n de os implicados en el caso Odebrecht y manej\u00f3 a su antojo las cifras correspondientes al empleo, la pobreza y la seguridad social. <\/p>\n<\/p>\n<p>Dijo que el a\u00f1o pasado estuvo marcado por un reclamo muy amplio de la ciudadan\u00eda de que se pusiera freno a la corrupci\u00f3n y que el pa\u00eds terminara con la impunidad, se\u00f1al\u00f3 el soci\u00f3logo y dirigente pol\u00edtico, agregando a seguidas que el presidente Medina apenas mencion\u00f3 una sola vez la palabra corrupci\u00f3n en todo su discurso.<\/p>\n<\/p>\n<p>El presidente de la Alianza por la Democracia (APD) Max Puig, rebati\u00f3 los conceptos sostenidos en su discurso de rendici\u00f3n de cuentas por el presidente Danilo Medina. Considera el discurso presidencial no es nuevo, caracteriz\u00e1ndose por reiterar temas que ya hab\u00edan sido tratados en anteriores exposiciones del mandatario ante la Asamblea Nacional, al mismo tiempo que omiti\u00f3 cuestiones fundamentales. <\/p>\n<\/p>\n<p>Considera que  temas vitales para el pa\u00eds no fueron tratados por el presidente de la Republica, poniendo como ejemplo la lucha contra la corrupci\u00f3n, el endeudamiento externo, el pacto el\u00e9ctrico y los nuevos impuestos que propone el FMI. El dirigente pol\u00edtico precis\u00f3 que el presidente trat\u00f3 de soslayo cuestiones tan importantes como la persecuci\u00f3n de os implicados en el caso Odebrecht y manej\u00f3 a su antojo las cifras correspondientes al empleo, la pobreza y la seguridad social. <\/p>\n<\/p>\n<p>Dijo que el a\u00f1o pasado estuvo marcado por un reclamo muy amplio de la ciudadan\u00eda de que se pusiera freno a la corrupci\u00f3n y que el pa\u00eds terminara con la impunidad, se\u00f1al\u00f3 el soci\u00f3logo y dirigente pol\u00edtico, agregando a seguidas que el presidente Medina apenas mencion\u00f3 una sola vez la palabra corrupci\u00f3n en todo su discurso.<\/p>\n<\/p>\n<p>\u00abNo hubo media palabra sobre el endeudamiento externo, cuando ya hay advertencias importantes de organismos internacionales que se\u00f1alan que la capacidad del Estado dominicano para hacerle frente a esos compromisos disminuye cada d\u00eda\u00bb, precis\u00f3 Puig, precisando que el FMI est\u00e1 instando a aplicar un ajuste fiscal mientras el gobierno da la callada por respuesta.<\/p>\n<\/p>\n<p>Tampoco hubo media palabra sobre el Pacto El\u00e9ctrico en el discurso, \u00abcuando en el 2017 se dijo que ya se estaba concluyendo el pacto el\u00e9ctrico y ahora resulta que no hubo pacto y tampoco hay una fecha para el mismo\u00bb.<\/p>\n<p>Sobre el metro dijo que la l\u00ednea B-2  fue inaugurada en abril de 2016 como parte de la campa\u00f1a electoral, prometiendo su puesta en funcionamiento para ese mismo a\u00f1o. Volvi\u00f3 a prometer lo mismo en la rendici\u00f3n de cuentas de 2017 y vuelve a hacerlo otra vez en esta ocasi\u00f3n.<\/p>\n<p>De  Punta Catalina, el presidente de la APD reiter\u00f3 que estas plantas constituyen un gran fiasco, ya que su puesta en funcionamiento ha sido anunciada una y otra vez. \u00abPrimero se prometi\u00f3 la inauguraci\u00f3n de las plantas para antes de que concluyeran los acuerdos de Madrid, en 2016, luego para 2017, y ahora se anuncia el funcionamiento de la primera turbina para diciembre de este a\u00f1o.<\/p>\n<\/p>\n<p><strong> Pelegrin Castillo de la FNP Migraci\u00f3n \u00abla mejor forma de decir es hacer\u00bb<\/strong><\/p>\n<\/p>\n<p> Pelegr\u00edn Castillo dijo que es triunfo del pueblo que el Presidente Danilo Medina se pronunciara este martes sobre migraci\u00f3n y frontera&#8230;\u00bbpero la mejor forma de decir es hacer\u00bb .<\/p>\n<\/p>\n<p>En  comunicado Castillo indic\u00f3 que \u00abla movilizaci\u00f3n del pueblo debe continuar&#8230;la clase pol\u00edtica en el gobierno y la oposici\u00f3n solo reacciona cuando el pueblo se empodera y reclama&#8230;El control tecnol\u00f3gico es importante, pero Israel, l\u00edder mundial en tecnolog\u00eda militar, sabe que se necesita un muro bien alto. Eso lo entendieron  USA, India y Espa\u00f1a que dominan tambi\u00e9n la tecnolog\u00eda\u00bb.<\/p>\n<\/p>\n<p>Dijo  que \u00abaqu\u00ed, en la Isla donde existe un estado fallido y un estado d\u00e9bil, el muro por refer\u00e9ndum es un mensaje contundente de que no hay soluci\u00f3n dominicana\u00bb.<\/p>\n<\/p>\n<p>Le refiri\u00f3 al mandatario que no olvide que el tema principal, que es el de la nacionalidad, fue soslayada en su discurso de rendici\u00f3n de cuentas. \u00abPresidente @DaniloMedina: reapertura Plan de CNM es ilegal e inconstitucional&#8230;.Mientras @PLDenlinea DaniloMedina nos habla de migraci\u00f3n y fronteras&#8230; el CNM de su gobierno est\u00e1 dispuesto a \u00abregalar\u00bb ilegalmente 240 mil residencias\u00bb, poste\u00f3 en u cuenta en Twitter.<\/p>\n<\/p>\n<p>Dijo que \u00abcon 240 mil residencias a haitianos ahora&#8230; se preparan las condiciones para la minor\u00eda nacional&#8230;por naturalizaci\u00f3n administrativa&#8230;Gobierno @DaniloMedina debe cambiar pol\u00edtica exterior con relaci\u00f3n a Hait\u00ed y la comunidad internacional&#8230; que nos asigna el papel de estado pivote y administrador de la crisis de Hait\u00ed. Es la que nos ha metido en trampa&#8230;.\u00bb<\/p>\n<\/p>\n<p>A su juicio esos \u00abproblemas migratorios\u00bb y de control fronterizo a los que se refiri\u00f3 Presidente Medina son efectos  de Hait\u00ed Estado Fallido, y que si el gobierno dominicano hace respetar 80\/20, el ingreso y el empleo de dominicanos mejorar\u00e1n sustancialmente: \u00abpero debe empezar por obras p\u00fablicas&#8230; eso s\u00ed ser\u00eda cre\u00edble&#8230; Presidente @DaniloMedina el salario real de los dominicanos est\u00e1 anclado en los niveles de principio de los 90&#8230; explique las causas&#8230;\u00bf?\u00bb.<\/p>\n<\/p>\n<p><strong> Alianza Pa\u00eds afirma clase media dominicana para subsistir depende del pluriempleo <\/strong><\/p>\n<\/p>\n<p>En New York, la seccional del Partido Alianza Pa\u00eds dijo que \u00aben su ficc\u00f3n pol\u00edtica, el presidente Danilo Medina, \u00abdesconoce como el modelo econ\u00f3mico impuesto por el PLD, afecta a una clase media que para subsistir depende del pluriempleo\u00bb. <\/p>\n<\/p>\n<p>Las declaraciones fueron ofrecidas por el coordinador en EEUU, Luis Mayoban\u00e9x Rodr\u00edguez, mientras se realizaba el denominado \u00bb plant\u00f3n contra la corrupci\u00f3n y la impunidad\u00bb en celebraci\u00f3n al 174 aniversario de la independencia Dominicana, con la asistencia de decenas de aliancistas que se manifestaron en la avenida San N\u00edcholas y calle 181, en el Alto Manhattan. <\/p>\n<\/p>\n<p>\u00bb El discurso de rendici\u00f3n de cuentas presentado a la Asamblea Nacional por Danilo Medina, en lo esencial se resumi\u00f3 a la Rep\u00fablica en que vive el Comit\u00e9 Pol\u00edtico del PLD, que es diametralmente contraria a la Rep\u00fablica Dominicana real\u00bb,  afirm\u00f3. <\/p>\n<\/p>\n<p>Se\u00f1al\u00f3 que seg\u00fan Danilo Medina, se ha superado la meta por el mismo establecida para la creaci\u00f3n de empleos formales y dignos, mientras que en la realidad, recalc\u00f3  el dirigente pol\u00edtico, m\u00e1s del 15% por ciento de la poblaci\u00f3n est\u00e1 desempleada, seg\u00fan organismos oficiales.<\/p>\n<\/p>\n<p>Dijo que la pol\u00edtica de empleo del gobierno contrasta con el hecho de que el 25% por ciento de los j\u00f3venes aptos para trabajar est\u00e1 desempleado y que alrededor de 500 mil, ni estudian, ni trabajan, de los cuales el 63% por ciento son mujeres .<\/p>\n<\/p>\n<p>Rodr\u00edguez, manifest\u00f3 que el presidente dominicano oculta el hecho innegable de que m\u00e1s de 4 millones de dominicanos, el 60% por ciento de la poblaci\u00f3n activa, dependen del trabajo informal \u00bb lo cual m\u00e1s que un \u00e9xito de su gobierno, es el producto de la capacidad creativa y de b\u00fasqueda del dominicano\u00bb.  <\/p>\n<\/p>\n<p>De su parte, el profesor Juan Villar, coordinador para el \u00e1rea de Nueva York. de la organizaci\u00f3n, al cr\u00edticar el discurso de rendici\u00f3n de cuentas del presidente Danilo Medina, signific\u00f3 que en sus promesas a los dominicanos de ultramar no sean solo hechas pensando en ganar votos en un mercado electoral que no lo ha favorecido .<\/p>\n<\/p>\n<p>\u00bb Ojal\u00e1 que de esas ofertas las que puedan ser \u00fatiles para nuestros connacionales, en caso de que se implementen no se queden entre los seguidores pol\u00edticos de Medina\u00bb, afirm\u00f3 .<\/p>\n<\/p>\n<p>Expuso que para el presidente dominicano es un \u00e9xito en su pol\u00edtica de seguridad ciudadana que s\u00f3lo el a\u00f1o pasado la tasa de homicidios \u00bb bajara\u00bb a 1,561, pero olvido, \u00abdecirle al pueblo que el pa\u00eds es uno de los 10 del mundo con la tasas m\u00e1s altas de homicidios\u00bb.  (Por Freddy P. Galarza)<\/p>\n<\/p>\n<\/p>\n<\/p>\n<h6> 2018-02-27 20:32:21 <\/h6>\n<p><!--\n<link rel=\"stylesheet\" href=\"css\/bootstrap.min.css\">\n\n\n<ul class=\"pagination\">\n\t    \n\t\n\n<li >\n\t<a href='?page_no=6511'>Previous<\/a>\n\t<\/li>\n\n\n       \n    \n\n<li><a href='?page_no=1'>1<\/a><\/li>\n\n\n\n<li><a href='?page_no=2'>2<\/a><\/li>\n\n\n\n<li><a>...<\/a><\/li>\n\n\n\n<li><a href='?page_no=6510'>6510<\/a><\/li>\n\n\n\n<li><a href='?page_no=6511'>6511<\/a><\/li>\n\n\n\n<li class='active'><a>6512<\/a><\/li>\n\n\n\n<li><a href='?page_no=6513'>6513<\/a><\/li>\n\n\n\n<li><a href='?page_no=6514'>6514<\/a><\/li>\n\n\n\n<li><a>...<\/a><\/li>\n\n\n\n<li><a href='?page_no=36999'>36999<\/a><\/li>\n\n\n\n<li><a href='?page_no=37000'>37000<\/a><\/li>\n\n    \n\t\n\n<li >\n\t<a href='?page_no=6513'>Next<\/a>\n\t<\/li>\n\n\n    \n\n<li><a href='?page_no=37000'>Last &rsaquo;&rsaquo;<\/a><\/li>\n\n<\/ul>\n\n\n--><br \/>\n<\/body><\/p>\n","protected":false},"excerpt":{"rendered":"<p>SANTO DOMINGO, RD, 27 de febrero de 2018.&#8211; Minou Tav\u00e1rez Mirabal, presidenta de Opci\u00f3n Democr\u00e1tica, calific\u00f3 la rendici\u00f3n de cuentas del presidente Danilo Medina como un discurso reeleccionista en el que evadi\u00f3 los temas realmente importantes, como la corrupci\u00f3n. Max Puig de la Alianza por la Democracia (APD) cuestion\u00f3 que temas que calific\u00f3 de \u00abvitales [&hellip;]<\/p>\n","protected":false},"author":3,"featured_media":0,"comment_status":"open","ping_status":"open","sticky":false,"template":"","format":"standard","meta":{"footnotes":""},"categories":[22],"tags":[],"class_list":["post-171181","post","type-post","status-publish","format-standard","hentry","category-politica"],"_links":{"self":[{"href":"https:\/\/diariodominicano.com\/index.php?rest_route=\/wp\/v2\/posts\/171181","targetHints":{"allow":["GET"]}}],"collection":[{"href":"https:\/\/diariodominicano.com\/index.php?rest_route=\/wp\/v2\/posts"}],"about":[{"href":"https:\/\/diariodominicano.com\/index.php?rest_route=\/wp\/v2\/types\/post"}],"author":[{"embeddable":true,"href":"https:\/\/diariodominicano.com\/index.php?rest_route=\/wp\/v2\/users\/3"}],"replies":[{"embeddable":true,"href":"https:\/\/diariodominicano.com\/index.php?rest_route=%2Fwp%2Fv2%2Fcomments&post=171181"}],"version-history":[{"count":0,"href":"https:\/\/diariodominicano.com\/index.php?rest_route=\/wp\/v2\/posts\/171181\/revisions"}],"wp:attachment":[{"href":"https:\/\/diariodominicano.com\/index.php?rest_route=%2Fwp%2Fv2%2Fmedia&parent=171181"}],"wp:term":[{"taxonomy":"category","embeddable":true,"href":"https:\/\/diariodominicano.com\/index.php?rest_route=%2Fwp%2Fv2%2Fcategories&post=171181"},{"taxonomy":"post_tag","embeddable":true,"href":"https:\/\/diariodominicano.com\/index.php?rest_route=%2Fwp%2Fv2%2Ftags&post=171181"}],"curies":[{"name":"wp","href":"https:\/\/api.w.org\/{rel}","templated":true}]}}