{"id":171180,"date":"2018-02-27T23:14:27","date_gmt":"2018-02-27T23:14:27","guid":{"rendered":"http:\/\/diariodominicano.ddns.net\/?p=171180"},"modified":"2018-02-27T23:14:27","modified_gmt":"2018-02-27T23:14:27","slug":"ciudadanos-manifiestan-apoyo-al-discurso-del-presidente-danilo-medina","status":"publish","type":"post","link":"https:\/\/diariodominicano.com\/?p=171180","title":{"rendered":"Ciudadanos manifiestan apoyo al discurso del  Presidente Danilo Medina"},"content":{"rendered":"<p><body><\/p>\n<p><img decoding=\"async\" src=\"img3\/ONDEANBANDERAS.jpg\" \/><br \/><img decoding=\"async\" src=\"img3\/CARAVANA.JPG\" \/><br \/><img decoding=\"async\" src=\"img3\/BANDERASFRENTEPLD.JPG\" \/>  <\/p>\n<\/p>\n<p><strong>SANTO DOMINGO, RD, 27 de febrero de 2018.- <\/strong>Como en ocasiones anteriores, el discurso del Presidente Danilo Medina en la reuni\u00f3n conjunta de senadores y diputados encontr\u00f3 un gran respaldo en el auditorio del sal\u00f3n de la Asamblea Nacional en donde se manifest\u00f3 dicho apoyo mediante  aplausos y ovaciones y en la ruta que transit\u00f3 la caravana presidencial rumbo a la Catedral Primada de America , templo en  donde particip\u00f3 en el Te Deum con motivo de la Independecia Nacional.<\/p>\n<\/p>\n<p>Con  banderas y banderines   ciudadanos de la capital se colocaron en la ruta desde el  Palacio del Congreso Nacional  a la Catedral Primada  de Am\u00e9rica y  posteriormente al Altar de la Patria,  saludando al mandatario a su paso por las v\u00edas transitadas, destac\u00f3 la Direcci\u00f3n de Comunicaciones del PLD en un bolet\u00edn de prensa.  <\/p>\n<\/p>\n<p>Las  personas se colocaron de manera organizada  en las  aceras de la avenida Independencia y Arzobispo Nouel aplaudiendo al paso de la caravana y ondeando las banderas y banderines , replicas del s\u00edmbolo patrio, que portaban<\/p>\n<\/p>\n<p>En diferentes esquinas de la hist\u00f3rica  avenida Independencia  se colocaron  n\u00facleos de ciudadanos quienes aplaudieron al jefe del Estado a su paso por el lugar donde se ubicaron.<\/p>\n<\/p>\n<p>Frente al local Nacional del PLD, en la avenida Independencia esquina Cervantes en Gascue, militantes del Partido de la Liberaci\u00f3n Dominicana y servidores de la Casa Nacional con el lienzo tricolor  en mano saludaron el paso del desfile. El discurso del mandatario se amplific\u00f3 con los equipos de altavoces de que dispone el PLD<\/p>\n<\/p>\n<p>El presidente  Danilo Medina desde el asiento delantero de la jeepeta con la placa O1, respondi\u00f3 el saludo que se le ofrec\u00eda en todo el trayecto de la ruta, al igual que lo hizo la vicepresidenta de la Republica Margarita Cede\u00f1o de Fernandez y los funcionarios del gobierno, quienes son dirigentes del PLD   <\/p>\n<\/p>\n<p>En la acera Sur del Parque Independencia miles de personas se colocaron all\u00ed, igualmente con pancartas en cartulinas y banderas dominicanas, posteriormente se movilizaron hacia la parte frontal de la Puerta de El Conde , en espera de la Ofrenda Floral a los Padres de la Patria<\/p>\n<\/p>\n<p>Este grupo esper\u00f3 la realizaci\u00f3n de la Ofrenda Floral en el Altar de la Patria, uno de los actos protocolares del d\u00eda,  para saludar a Danilo Medina, Presidente de la Republica y la Vicepresidenta Margarita Cede\u00f1o de Fern\u00e1ndez, se detalla en un despacho de la Secretar\u00eda de Comunicaciones del PLD.<\/p>\n<h6> 2018-02-27 23:14:27 <\/h6>\n<p><!--\n<link rel=\"stylesheet\" href=\"css\/bootstrap.min.css\">\n\n\n<ul class=\"pagination\">\n\t    \n\t\n\n<li >\n\t<a href='?page_no=6510'>Previous<\/a>\n\t<\/li>\n\n\n       \n    \n\n<li><a href='?page_no=1'>1<\/a><\/li>\n\n\n\n<li><a href='?page_no=2'>2<\/a><\/li>\n\n\n\n<li><a>...<\/a><\/li>\n\n\n\n<li><a href='?page_no=6509'>6509<\/a><\/li>\n\n\n\n<li><a href='?page_no=6510'>6510<\/a><\/li>\n\n\n\n<li class='active'><a>6511<\/a><\/li>\n\n\n\n<li><a href='?page_no=6512'>6512<\/a><\/li>\n\n\n\n<li><a href='?page_no=6513'>6513<\/a><\/li>\n\n\n\n<li><a>...<\/a><\/li>\n\n\n\n<li><a href='?page_no=36999'>36999<\/a><\/li>\n\n\n\n<li><a href='?page_no=37000'>37000<\/a><\/li>\n\n    \n\t\n\n<li >\n\t<a href='?page_no=6512'>Next<\/a>\n\t<\/li>\n\n\n    \n\n<li><a href='?page_no=37000'>Last &rsaquo;&rsaquo;<\/a><\/li>\n\n<\/ul>\n\n\n--><br \/>\n<\/body><\/p>\n","protected":false},"excerpt":{"rendered":"<p>SANTO DOMINGO, RD, 27 de febrero de 2018.- Como en ocasiones anteriores, el discurso del Presidente Danilo Medina en la reuni\u00f3n conjunta de senadores y diputados encontr\u00f3 un gran respaldo en el auditorio del sal\u00f3n de la Asamblea Nacional en donde se manifest\u00f3 dicho apoyo mediante aplausos y ovaciones y en la ruta que transit\u00f3 [&hellip;]<\/p>\n","protected":false},"author":3,"featured_media":0,"comment_status":"open","ping_status":"open","sticky":false,"template":"","format":"standard","meta":{"footnotes":""},"categories":[22],"tags":[],"class_list":["post-171180","post","type-post","status-publish","format-standard","hentry","category-politica"],"_links":{"self":[{"href":"https:\/\/diariodominicano.com\/index.php?rest_route=\/wp\/v2\/posts\/171180","targetHints":{"allow":["GET"]}}],"collection":[{"href":"https:\/\/diariodominicano.com\/index.php?rest_route=\/wp\/v2\/posts"}],"about":[{"href":"https:\/\/diariodominicano.com\/index.php?rest_route=\/wp\/v2\/types\/post"}],"author":[{"embeddable":true,"href":"https:\/\/diariodominicano.com\/index.php?rest_route=\/wp\/v2\/users\/3"}],"replies":[{"embeddable":true,"href":"https:\/\/diariodominicano.com\/index.php?rest_route=%2Fwp%2Fv2%2Fcomments&post=171180"}],"version-history":[{"count":0,"href":"https:\/\/diariodominicano.com\/index.php?rest_route=\/wp\/v2\/posts\/171180\/revisions"}],"wp:attachment":[{"href":"https:\/\/diariodominicano.com\/index.php?rest_route=%2Fwp%2Fv2%2Fmedia&parent=171180"}],"wp:term":[{"taxonomy":"category","embeddable":true,"href":"https:\/\/diariodominicano.com\/index.php?rest_route=%2Fwp%2Fv2%2Fcategories&post=171180"},{"taxonomy":"post_tag","embeddable":true,"href":"https:\/\/diariodominicano.com\/index.php?rest_route=%2Fwp%2Fv2%2Ftags&post=171180"}],"curies":[{"name":"wp","href":"https:\/\/api.w.org\/{rel}","templated":true}]}}