{"id":171177,"date":"2018-02-28T11:44:26","date_gmt":"2018-02-28T11:44:26","guid":{"rendered":"http:\/\/diariodominicano.ddns.net\/?p=171177"},"modified":"2018-02-28T11:44:26","modified_gmt":"2018-02-28T11:44:26","slug":"nino-feliz-saluda-comision-electoral-de-la-uasd-prohibiera-campana-millonaria-a-candidatos","status":"publish","type":"post","link":"https:\/\/diariodominicano.com\/?p=171177","title":{"rendered":"Nino F\u00e9liz saluda Comisi\u00f3n Electoral de la UASD prohibiera campa\u00f1a millonaria a candidatos"},"content":{"rendered":"<p><body><\/p>\n<p><img decoding=\"async\" src=\"img3\/ninof.jpg\" \/>  <\/p>\n<p>SANTO DOMINGO.-El candidato a rector de la Universidad Aut\u00f3noma de Santo Domingo (UASD), Rafael Nino F\u00e9liz, salud\u00f3 la decisi\u00f3n de la Comisi\u00f3n Electoral de ese centro de prohibir la publicidad suntuosa y millonaria de los candidatos a cargos electivos para las elecciones del 20 de junio de este a\u00f1o.<\/p>\n<\/p>\n<p>El pasado lunes, 26 de este mes, la Comisi\u00f3n Electoral emiti\u00f3 una circular en la que ordena a los candidatos \u00abque los veh\u00edculos forrados de propaganda electoral o portadores de vallas propagand\u00edsticas, estacionados en diferentes calzadas del territorio de la Universidad sean inmediatamente retirado\u00bb.<\/p>\n<\/p>\n<p>La Comisi\u00f3n Electoral dijo que ese tipo propaganda \u00abest\u00e1 prohibida por el Reglamento de Propaganda Electoral\u00bb del centro de estudios.<\/p>\n<\/p>\n<p>Nino F\u00e9liz, candidato a dirigir la UASD en el per\u00edodo 2018-2022, por el movimiento Consenso Universitario, afirm\u00f3 que ese despliegue de publicidad millonaria en los espacios p\u00fablicos que afectan la imagen de es academia.<\/p>\n<\/p>\n<p>Record\u00f3 que el art\u00edculo 9 del Reglamento de Propaganda Electoral de la UASD proh\u00edbe ese tipo de promoci\u00f3n que, a su juicio, desnaturaliza los procesos comiciales en las academias.<\/p>\n<\/p>\n<p>\u00abYa nuestro proyecto, por diferentes v\u00edas, hab\u00eda hecho una denuncia al respecto, por las violaciones a las que hoy alude el organismo universitario que rige el proceso electoral a lo interno de la UASD\u00bb, expres\u00f3 el acad\u00e9mico.<\/p>\n<\/p>\n<p>\u00abEn el mundo, las autoridades universitarias no se eligen porque tengan muchos recursos econ\u00f3micos para la campa\u00f1a o porque tengan detr\u00e1s una fuerza pol\u00edtica poderosa\u00bb, enfatiz\u00f3.<\/p>\n<\/p>\n<p>Agreg\u00f3 que las autoridades se eligen por m\u00e9ritos acad\u00e9micos.<\/p>\n<\/p>\n<p>Manifest\u00f3 que un acad\u00e9mico que inici\u00f3 su carrera como monitor y pas\u00f3 a ser ayudante de profesor y luego docente por m\u00e1s de 40 a\u00f1os no necesita ese tipo de propaganda, para ser rector u otra autoridad universitaria.<\/p>\n<\/p>\n<p>\u00abRealmente, no necesitamos eso\u00bb, manifest\u00f3 Nino F\u00e9liz, en un comunicado a los medios de comunicaci\u00f3n.<\/p>\n<\/p>\n<p>El d\u00eda 15 de este mes, Nino F\u00e9liz pidi\u00f3 a la Comisi\u00f3n Electoral que prohibiera la campa\u00f1a suntuosa entre los candidatos a cargos electivos en el centro de estudios.<\/p>\n<\/p>\n<p>La Comisi\u00f3n Electoral de la UASD record\u00f3 que el art\u00edculo 9 del Reglamento de Propaganda Electoral \u00abproh\u00edbe la colocaci\u00f3n de cualquier tipo de vallas en cualquiera espacio de la instituci\u00f3n, as\u00ed como el uso de las calzadas para los fines de propaganda electoral\u00bb.<\/p>\n<h6> 2018-02-28 11:44:26 <\/h6>\n<p><!--\n<link rel=\"stylesheet\" href=\"css\/bootstrap.min.css\">\n\n\n<ul class=\"pagination\">\n\t    \n\t\n\n<li >\n\t<a href='?page_no=6508'>Previous<\/a>\n\t<\/li>\n\n\n       \n    \n\n<li><a href='?page_no=1'>1<\/a><\/li>\n\n\n\n<li><a href='?page_no=2'>2<\/a><\/li>\n\n\n\n<li><a>...<\/a><\/li>\n\n\n\n<li><a href='?page_no=6507'>6507<\/a><\/li>\n\n\n\n<li><a href='?page_no=6508'>6508<\/a><\/li>\n\n\n\n<li class='active'><a>6509<\/a><\/li>\n\n\n\n<li><a href='?page_no=6510'>6510<\/a><\/li>\n\n\n\n<li><a href='?page_no=6511'>6511<\/a><\/li>\n\n\n\n<li><a>...<\/a><\/li>\n\n\n\n<li><a href='?page_no=36999'>36999<\/a><\/li>\n\n\n\n<li><a href='?page_no=37000'>37000<\/a><\/li>\n\n    \n\t\n\n<li >\n\t<a href='?page_no=6510'>Next<\/a>\n\t<\/li>\n\n\n    \n\n<li><a href='?page_no=37000'>Last &rsaquo;&rsaquo;<\/a><\/li>\n\n<\/ul>\n\n\n--><br \/>\n<\/body><\/p>\n","protected":false},"excerpt":{"rendered":"<p>SANTO DOMINGO.-El candidato a rector de la Universidad Aut\u00f3noma de Santo Domingo (UASD), Rafael Nino F\u00e9liz, salud\u00f3 la decisi\u00f3n de la Comisi\u00f3n Electoral de ese centro de prohibir la publicidad suntuosa y millonaria de los candidatos a cargos electivos para las elecciones del 20 de junio de este a\u00f1o. El pasado lunes, 26 de este [&hellip;]<\/p>\n","protected":false},"author":3,"featured_media":0,"comment_status":"open","ping_status":"open","sticky":false,"template":"","format":"standard","meta":{"footnotes":""},"categories":[22],"tags":[],"class_list":["post-171177","post","type-post","status-publish","format-standard","hentry","category-politica"],"_links":{"self":[{"href":"https:\/\/diariodominicano.com\/index.php?rest_route=\/wp\/v2\/posts\/171177","targetHints":{"allow":["GET"]}}],"collection":[{"href":"https:\/\/diariodominicano.com\/index.php?rest_route=\/wp\/v2\/posts"}],"about":[{"href":"https:\/\/diariodominicano.com\/index.php?rest_route=\/wp\/v2\/types\/post"}],"author":[{"embeddable":true,"href":"https:\/\/diariodominicano.com\/index.php?rest_route=\/wp\/v2\/users\/3"}],"replies":[{"embeddable":true,"href":"https:\/\/diariodominicano.com\/index.php?rest_route=%2Fwp%2Fv2%2Fcomments&post=171177"}],"version-history":[{"count":0,"href":"https:\/\/diariodominicano.com\/index.php?rest_route=\/wp\/v2\/posts\/171177\/revisions"}],"wp:attachment":[{"href":"https:\/\/diariodominicano.com\/index.php?rest_route=%2Fwp%2Fv2%2Fmedia&parent=171177"}],"wp:term":[{"taxonomy":"category","embeddable":true,"href":"https:\/\/diariodominicano.com\/index.php?rest_route=%2Fwp%2Fv2%2Fcategories&post=171177"},{"taxonomy":"post_tag","embeddable":true,"href":"https:\/\/diariodominicano.com\/index.php?rest_route=%2Fwp%2Fv2%2Ftags&post=171177"}],"curies":[{"name":"wp","href":"https:\/\/api.w.org\/{rel}","templated":true}]}}