{"id":171176,"date":"2018-02-28T11:47:48","date_gmt":"2018-02-28T11:47:48","guid":{"rendered":"http:\/\/diariodominicano.ddns.net\/?p=171176"},"modified":"2018-02-28T11:47:48","modified_gmt":"2018-02-28T11:47:48","slug":"max-puig-objeta-afirmaciones-del-presidente-medina-en-su-discurso","status":"publish","type":"post","link":"https:\/\/diariodominicano.com\/?p=171176","title":{"rendered":"Max Puig objeta afirmaciones del presidente Medina en su discurso&#13;"},"content":{"rendered":"<p><body><\/p>\n<p><img decoding=\"async\" src=\"img3\/puigm.jpg\" \/>  <\/p>\n<p>El presidente de la Alianza por la Democracia, Max Puig, rebati\u00f3 los conceptos sostenidos en su discurso de rendici\u00f3n de cuentas por el presidente Danilo Medina. Para el dirigente opositor, el discurso presidencial no es nuevo, caracteriz\u00e1ndose por reiterar temas que ya hab\u00edan sido tratados en anteriores exposiciones del mandatario ante la Asamblea Nacional. Se\u00f1al\u00f3 igualmente que el presidente omiti\u00f3 cuestiones fundamentales. <\/p>\n<\/p>\n<p>Para Puig, temas vitales para el pa\u00eds no fueron tratados por el presidente de la Republica, poniendo como ejemplo la lucha contra la corrupci\u00f3n, el endeudamiento externo, el pacto el\u00e9ctrico y los nuevos impuestos que propone el FMI. El dirigente pol\u00edtico precis\u00f3 que el presidente trat\u00f3 de soslayo cuestiones tan importantes como los pobres resultados de la investigaci\u00f3n en el caso Odebrecht y manej\u00f3 a su antojo las cifras correspondientes al empleo, la pobreza y la seguridad social. <\/p>\n<\/p>\n<p>El a\u00f1o pasado estuvo marcado por un reclamo muy amplio de la ciudadan\u00eda de que se pusiera freno a la corrupci\u00f3n y que el pa\u00eds terminara con la impunidad, se\u00f1al\u00f3 el soci\u00f3logo y dirigente pol\u00edtico, agregando a seguidas que el presidente Medina apenas mencion\u00f3 una sola vez la palabra corrupci\u00f3n en todo su discurso.<\/p>\n<\/p>\n<p>\u00abNo hubo media palabra sobre el endeudamiento externo, cuando ya hay advertencias de organismos internacionales se\u00f1alando que la capacidad del Estado dominicano para hacerle frente a sus compromisos disminuye cada d\u00eda\u00bb, dijo Puig, precisando que el FMI est\u00e1 instando a aplicar un ajuste fiscal mientras el gobierno da la callada por respuesta.<\/p>\n<\/p>\n<p>Tampoco hubo media palabra sobre el Pacto El\u00e9ctrico, apunt\u00f3 Puig, \u00abcuando en 2017 se dijo que ya se estaba concluyendo el pacto el\u00e9ctrico, ahora resulta que no hubo pacto realmente\u00bb.<\/p>\n<\/p>\n<p>Sobre el metro y el telef\u00e9rico el dirigente apedeista record\u00f3 que la l\u00ednea B-2 del Metro fue inaugurada en abril de 2016 como parte de la campa\u00f1a electoral, prometiendo su puesta en funcionamiento para ese mismo a\u00f1o. Volvi\u00f3 a prometer lo mismo en la rendici\u00f3n de cuentas de 2017 y vuelve a hacerlo otra vez en esta ocasi\u00f3n.<\/p>\n<\/p>\n<p>Sobre Punta Catalina, el presidente de la APD reiter\u00f3 que estas plantas constituyen un gran fiasco, ya que su puesta en funcionamiento ha sido anunciada una y otra vez. \u00abPrimero se prometi\u00f3 su inauguraci\u00f3n de las plantas para antes de que concluyeran los acuerdos de Madrid, en 2016; luego para 2017, y ahora se anuncia el funcionamiento de la primera turbina para diciembre de este a\u00f1o\u00bb, dijo Puig.<\/p>\n<h6> 2018-02-28 11:47:48 <\/h6>\n<p><!--\n<link rel=\"stylesheet\" href=\"css\/bootstrap.min.css\">\n\n\n<ul class=\"pagination\">\n\t    \n\t\n\n<li >\n\t<a href='?page_no=6507'>Previous<\/a>\n\t<\/li>\n\n\n       \n    \n\n<li><a href='?page_no=1'>1<\/a><\/li>\n\n\n\n<li><a href='?page_no=2'>2<\/a><\/li>\n\n\n\n<li><a>...<\/a><\/li>\n\n\n\n<li><a href='?page_no=6506'>6506<\/a><\/li>\n\n\n\n<li><a href='?page_no=6507'>6507<\/a><\/li>\n\n\n\n<li class='active'><a>6508<\/a><\/li>\n\n\n\n<li><a href='?page_no=6509'>6509<\/a><\/li>\n\n\n\n<li><a href='?page_no=6510'>6510<\/a><\/li>\n\n\n\n<li><a>...<\/a><\/li>\n\n\n\n<li><a href='?page_no=36999'>36999<\/a><\/li>\n\n\n\n<li><a href='?page_no=37000'>37000<\/a><\/li>\n\n    \n\t\n\n<li >\n\t<a href='?page_no=6509'>Next<\/a>\n\t<\/li>\n\n\n    \n\n<li><a href='?page_no=37000'>Last &rsaquo;&rsaquo;<\/a><\/li>\n\n<\/ul>\n\n\n--><br \/>\n<\/body><\/p>\n","protected":false},"excerpt":{"rendered":"<p>El presidente de la Alianza por la Democracia, Max Puig, rebati\u00f3 los conceptos sostenidos en su discurso de rendici\u00f3n de cuentas por el presidente Danilo Medina. Para el dirigente opositor, el discurso presidencial no es nuevo, caracteriz\u00e1ndose por reiterar temas que ya hab\u00edan sido tratados en anteriores exposiciones del mandatario ante la Asamblea Nacional. Se\u00f1al\u00f3 [&hellip;]<\/p>\n","protected":false},"author":3,"featured_media":0,"comment_status":"open","ping_status":"open","sticky":false,"template":"","format":"standard","meta":{"footnotes":""},"categories":[22],"tags":[],"class_list":["post-171176","post","type-post","status-publish","format-standard","hentry","category-politica"],"_links":{"self":[{"href":"https:\/\/diariodominicano.com\/index.php?rest_route=\/wp\/v2\/posts\/171176","targetHints":{"allow":["GET"]}}],"collection":[{"href":"https:\/\/diariodominicano.com\/index.php?rest_route=\/wp\/v2\/posts"}],"about":[{"href":"https:\/\/diariodominicano.com\/index.php?rest_route=\/wp\/v2\/types\/post"}],"author":[{"embeddable":true,"href":"https:\/\/diariodominicano.com\/index.php?rest_route=\/wp\/v2\/users\/3"}],"replies":[{"embeddable":true,"href":"https:\/\/diariodominicano.com\/index.php?rest_route=%2Fwp%2Fv2%2Fcomments&post=171176"}],"version-history":[{"count":0,"href":"https:\/\/diariodominicano.com\/index.php?rest_route=\/wp\/v2\/posts\/171176\/revisions"}],"wp:attachment":[{"href":"https:\/\/diariodominicano.com\/index.php?rest_route=%2Fwp%2Fv2%2Fmedia&parent=171176"}],"wp:term":[{"taxonomy":"category","embeddable":true,"href":"https:\/\/diariodominicano.com\/index.php?rest_route=%2Fwp%2Fv2%2Fcategories&post=171176"},{"taxonomy":"post_tag","embeddable":true,"href":"https:\/\/diariodominicano.com\/index.php?rest_route=%2Fwp%2Fv2%2Ftags&post=171176"}],"curies":[{"name":"wp","href":"https:\/\/api.w.org\/{rel}","templated":true}]}}