{"id":171174,"date":"2018-02-28T12:11:42","date_gmt":"2018-02-28T12:11:42","guid":{"rendered":"http:\/\/diariodominicano.ddns.net\/?p=171174"},"modified":"2018-02-28T12:11:42","modified_gmt":"2018-02-28T12:11:42","slug":"radhames-camacho-defiende-escogencia-de-directores-escolares-por-concursos","status":"publish","type":"post","link":"https:\/\/diariodominicano.com\/?p=171174","title":{"rendered":"Radham\u00e9s Camacho defiende escogencia de directores escolares por concursos"},"content":{"rendered":"<p><body><\/p>\n<p><img decoding=\"async\" src=\"img3\/camc.jpg\" \/>  <\/p>\n<\/p>\n<p><strong>SANTO DOMINGO, RD, 28 de febrero de 2018.-<\/strong> Radham\u00e9s Camacho, miembro del Comit\u00e9 Pol\u00edtico del Partido de la Liberaci\u00f3n Dominicana (PLD), Secretario de Asuntos Magisteriales de esa organizaci\u00f3n se manifest\u00f3 de acuerdo con los reclamos de la Asociaci\u00f3n Dominicana de Profesores (ADP), que demanda que la designaci\u00f3n de las vacantes de las direcciones de Distritos Escolares   o Regionales se realice por concursos y no por ternas, como est\u00e1 planeando el Ministerio de Educaci\u00f3n.<\/p>\n<\/p>\n<p>Camacho considera que con la ordenanza que instruye la designaci\u00f3n por ternas de directores de distritos escolares y regionales se puso al Ministro de Educaci\u00f3n  a \u00abmeter la pata\u00bb.<\/p>\n<\/p>\n<p>Sustenta sus afirmaciones en la ley que rige el sistema educativo, norma que seg\u00fan la Constituci\u00f3n, est\u00e1 por encima de cualquier acuerdo o pacto que se pudiera firmar.<\/p>\n<\/p>\n<p>Hizo referencia a que la carrera de los docentes en Rep\u00fablica Dominicana tiene rango Constitucional y de ah\u00ed la f\u00e9rrea defensa del gremio de los maestros a sus argumentos, contrapuestos a lo que se sostiene desde el Ministerio.<\/p>\n<\/p>\n<p>Radham\u00e9s Camacho explic\u00f3 que la realizaci\u00f3n de concursos para designar coordinadores y directores en el sector educativo est\u00e1 estandarizada universalmente.<\/p>\n<\/p>\n<p>Critic\u00f3 que la resoluci\u00f3n que instruye la elecci\u00f3n de los funcionarios escolares por ternas coloca una limitante al docente que tenga m\u00e1s de veinticinco a\u00f1os en el sistema, que  no puede concursar por su edad, lo que considera violatorio a la Ley Sustantiva que establece que no se puede discriminar por razones de tiempo a ciudadano alguno.<\/p>\n<\/p>\n<p>\u00abPero adem\u00e1s en la ordenanza se le proh\u00edbe a los trabajadores de Educaci\u00f3n que resultaren electos directores de distritos organizarse  en asociaciones de ning\u00fan tipo, una franca violaci\u00f3n al derecho constitucional a la organizaci\u00f3n\u00bb declar\u00f3 Radham\u00e9s Camacho a sus entrevistadores del programa El Sol de la Ma\u00f1ana, que el PLD divulg\u00f3 en un despacho de prensa.  <\/p>\n<\/p>\n<p>Dijo lamentar que aventureros est\u00e9n llevando al Presidente de la Republica, Danilo Medina,  a meter la pata. \u00abEs eso una aventura porque se le est\u00e1 pegando al Presidente  que est\u00e1 golpeando al sector\u00bb.<\/p>\n<\/p>\n<p>\u00abEsa ordenanza est\u00e1 llena de  indignaci\u00f3n, hecha por gente que no les duele el sistema\u00bb, dijo Camacho expresando su inconformidad por las medidas adoptadas por el ministerio de educaci\u00f3n.    <\/p>\n<\/p>\n<p>Al final de su intervenci\u00f3n revel\u00f3 que el pasado a\u00f1o medi\u00f3 en una reuni\u00f3n entre el Ministro de Educaci\u00f3n y el Presidente de la ADP  en la que acordaron realizar concursos para 33 plazas de  nuevos distritos. \u00abEntonces el Ministro nos dijo que si, que se iba a convocar a concursos\u00bb, apunt\u00f3.<\/p>\n<h6> 2018-02-28 12:11:42 <\/h6>\n<p><!--\n<link rel=\"stylesheet\" href=\"css\/bootstrap.min.css\">\n\n\n<ul class=\"pagination\">\n\t    \n\t\n\n<li >\n\t<a href='?page_no=6505'>Previous<\/a>\n\t<\/li>\n\n\n       \n    \n\n<li><a href='?page_no=1'>1<\/a><\/li>\n\n\n\n<li><a href='?page_no=2'>2<\/a><\/li>\n\n\n\n<li><a>...<\/a><\/li>\n\n\n\n<li><a href='?page_no=6504'>6504<\/a><\/li>\n\n\n\n<li><a href='?page_no=6505'>6505<\/a><\/li>\n\n\n\n<li class='active'><a>6506<\/a><\/li>\n\n\n\n<li><a href='?page_no=6507'>6507<\/a><\/li>\n\n\n\n<li><a href='?page_no=6508'>6508<\/a><\/li>\n\n\n\n<li><a>...<\/a><\/li>\n\n\n\n<li><a href='?page_no=36999'>36999<\/a><\/li>\n\n\n\n<li><a href='?page_no=37000'>37000<\/a><\/li>\n\n    \n\t\n\n<li >\n\t<a href='?page_no=6507'>Next<\/a>\n\t<\/li>\n\n\n    \n\n<li><a href='?page_no=37000'>Last &rsaquo;&rsaquo;<\/a><\/li>\n\n<\/ul>\n\n\n--><br \/>\n<\/body><\/p>\n","protected":false},"excerpt":{"rendered":"<p>SANTO DOMINGO, RD, 28 de febrero de 2018.- Radham\u00e9s Camacho, miembro del Comit\u00e9 Pol\u00edtico del Partido de la Liberaci\u00f3n Dominicana (PLD), Secretario de Asuntos Magisteriales de esa organizaci\u00f3n se manifest\u00f3 de acuerdo con los reclamos de la Asociaci\u00f3n Dominicana de Profesores (ADP), que demanda que la designaci\u00f3n de las vacantes de las direcciones de Distritos [&hellip;]<\/p>\n","protected":false},"author":3,"featured_media":0,"comment_status":"open","ping_status":"open","sticky":false,"template":"","format":"standard","meta":{"footnotes":""},"categories":[22],"tags":[],"class_list":["post-171174","post","type-post","status-publish","format-standard","hentry","category-politica"],"_links":{"self":[{"href":"https:\/\/diariodominicano.com\/index.php?rest_route=\/wp\/v2\/posts\/171174","targetHints":{"allow":["GET"]}}],"collection":[{"href":"https:\/\/diariodominicano.com\/index.php?rest_route=\/wp\/v2\/posts"}],"about":[{"href":"https:\/\/diariodominicano.com\/index.php?rest_route=\/wp\/v2\/types\/post"}],"author":[{"embeddable":true,"href":"https:\/\/diariodominicano.com\/index.php?rest_route=\/wp\/v2\/users\/3"}],"replies":[{"embeddable":true,"href":"https:\/\/diariodominicano.com\/index.php?rest_route=%2Fwp%2Fv2%2Fcomments&post=171174"}],"version-history":[{"count":0,"href":"https:\/\/diariodominicano.com\/index.php?rest_route=\/wp\/v2\/posts\/171174\/revisions"}],"wp:attachment":[{"href":"https:\/\/diariodominicano.com\/index.php?rest_route=%2Fwp%2Fv2%2Fmedia&parent=171174"}],"wp:term":[{"taxonomy":"category","embeddable":true,"href":"https:\/\/diariodominicano.com\/index.php?rest_route=%2Fwp%2Fv2%2Fcategories&post=171174"},{"taxonomy":"post_tag","embeddable":true,"href":"https:\/\/diariodominicano.com\/index.php?rest_route=%2Fwp%2Fv2%2Ftags&post=171174"}],"curies":[{"name":"wp","href":"https:\/\/api.w.org\/{rel}","templated":true}]}}