{"id":171173,"date":"2018-02-28T12:25:08","date_gmt":"2018-02-28T12:25:08","guid":{"rendered":"http:\/\/diariodominicano.ddns.net\/?p=171173"},"modified":"2018-02-28T12:25:08","modified_gmt":"2018-02-28T12:25:08","slug":"eduardo-estrella-califica-de-retorico-e-ilusionista-discurso-del-presidente-medina","status":"publish","type":"post","link":"https:\/\/diariodominicano.com\/?p=171173","title":{"rendered":"Eduardo Estrella califica de ret\u00f3rico e ilusionista discurso del presidente Medina"},"content":{"rendered":"<p><body><\/p>\n<p><img decoding=\"async\" src=\"img3\/eduardoes.jpg\" \/>  <\/p>\n<p>Afirma le sac\u00f3 cuerpo a temas fundamentales <\/p>\n<\/p>\n<p>Eduardo Estrella l\u00edder del Partido Dominicanos por el Cambio (DXC),  calific\u00f3 de ret\u00f3rico e ilusionista el discurso de rendici\u00f3n de cuentas pronunciado por el Presidente Danilo Medina, ya que la supuesta bonanza econ\u00f3mica del pa\u00eds no se corresponde con la realidad, y los otros temas de trascendencia fueron excluidos.<\/p>\n<\/p>\n<p>??En ese discurso en definitiva estuvo ausente el tema del combate a la corrupci\u00f3n, la reforma integral para reorientar el gasto y reducir los impuesto para dinamizar la econom\u00eda c\u00f3mo acaba de hacer Estados Unidos, tampoco toc\u00f3 el tema de la deuda, la inversi\u00f3n en la frontera comenzando por el muelle de Manzanillo??, asegur\u00f3 Estrella.<\/p>\n<\/p>\n<p>Precis\u00f3 que el jefe de Estado tambi\u00e9n evadi\u00f3 el caso de la explotaci\u00f3n de la mina en San Juan de la Maguana, donde se quiere explotar yacimientos en la cordillera central, y ni por asomo trat\u00f3 cuando se va a bajar el precio de la energ\u00eda el\u00e9ctrica a los usuarios y cuando se va revisar la ley de hidrocarburos.<\/p>\n<\/p>\n<p>Manifest\u00f3 que a esto se le agrega el hecho de que en la actualidad hay m\u00e1s de cincuenta municipios donde el gobierno en los \u00faltimos cinco a\u00f1os no le ha construido una sola vivienda, ni mucho menos dio a conocer los planes a seguir para hacerle frente al d\u00e9ficit habitacional que ronda el mill\u00f3n de viviendas, tampoco hizo referencia a lo que har\u00e1 su gesti\u00f3n con el c\u00f3digo del agua.<\/p>\n<\/p>\n<p>??Al parecer el Presidente no ten\u00eda conocimiento de ninguno de estos temas, como tampoco sab\u00eda que Vantroi estaba preso y lo nombr\u00f3 como funcionario??, precis\u00f3 Estrella.<\/p>\n<\/p>\n<p>Asegur\u00f3 que mientras el jefe de Estado habla de crecimiento econ\u00f3mico y reducci\u00f3n de la pobreza, deja a un lado la enorme deuda, donde para este a\u00f1o se tiene previsto pagar la suma de 256 mil millones de pesos entre el pago de intereses y capital, en tanto solo va a invertir 65 mil millones en obras y el 65% de esto estar\u00e1 concentrado en el gran Santo Domingo.<\/p>\n<\/p>\n<p>??No le han dicho que en sus m\u00e1s de 5 a\u00f1os de gobierno no se ha invertido un solo peso para terminar la presa de G\u00fcag\u00fci o continuar la presa de la Placeta y la carretera Internacional de Restauraci\u00f3n a Pedro Santana, si la pobreza se ha reducido tanto, como es posible que m\u00e1s del 48% de los dominicanos quiera irse del pa\u00eds??, manifest\u00f3 Estrella.<\/p>\n<\/p>\n<p>Precis\u00f3 que por un lado el mandatario habla de inversi\u00f3n para seguridad en la frontera, y por el otro su gobierno no tiene conocimiento que en esta zona funciona una mafia que le cobra cinco mil pesos a cada indocumentado para que cruce.<\/p>\n<\/p>\n<p>TRASPARENCIA.<\/p>\n<\/p>\n<p>Asimismo, Eduardo Estrella consider\u00f3 que en materia de transparencia el gobierno se sigue quemando con notas muy penosas, y que el caso m\u00e1s reciente lo demuestra, donde pasamos a formar parte de los pa\u00edses m\u00e1s corruptos de Latinoam\u00e9rica mientras no hay un preso por las sobrevaluaciones y el esc\u00e1ndalo de Odebrecht, el caso del CEA, Duquesa y banco Peravia, entre otros.<\/p>\n<h6> 2018-02-28 12:25:08 <\/h6>\n<p><!--\n<link rel=\"stylesheet\" href=\"css\/bootstrap.min.css\">\n\n\n<ul class=\"pagination\">\n\t    \n\t\n\n<li >\n\t<a href='?page_no=6504'>Previous<\/a>\n\t<\/li>\n\n\n       \n    \n\n<li><a href='?page_no=1'>1<\/a><\/li>\n\n\n\n<li><a href='?page_no=2'>2<\/a><\/li>\n\n\n\n<li><a>...<\/a><\/li>\n\n\n\n<li><a href='?page_no=6503'>6503<\/a><\/li>\n\n\n\n<li><a href='?page_no=6504'>6504<\/a><\/li>\n\n\n\n<li class='active'><a>6505<\/a><\/li>\n\n\n\n<li><a href='?page_no=6506'>6506<\/a><\/li>\n\n\n\n<li><a href='?page_no=6507'>6507<\/a><\/li>\n\n\n\n<li><a>...<\/a><\/li>\n\n\n\n<li><a href='?page_no=36999'>36999<\/a><\/li>\n\n\n\n<li><a href='?page_no=37000'>37000<\/a><\/li>\n\n    \n\t\n\n<li >\n\t<a href='?page_no=6506'>Next<\/a>\n\t<\/li>\n\n\n    \n\n<li><a href='?page_no=37000'>Last &rsaquo;&rsaquo;<\/a><\/li>\n\n<\/ul>\n\n\n--><br \/>\n<\/body><\/p>\n","protected":false},"excerpt":{"rendered":"<p>Afirma le sac\u00f3 cuerpo a temas fundamentales Eduardo Estrella l\u00edder del Partido Dominicanos por el Cambio (DXC), calific\u00f3 de ret\u00f3rico e ilusionista el discurso de rendici\u00f3n de cuentas pronunciado por el Presidente Danilo Medina, ya que la supuesta bonanza econ\u00f3mica del pa\u00eds no se corresponde con la realidad, y los otros temas de trascendencia fueron [&hellip;]<\/p>\n","protected":false},"author":3,"featured_media":0,"comment_status":"open","ping_status":"open","sticky":false,"template":"","format":"standard","meta":{"footnotes":""},"categories":[22],"tags":[],"class_list":["post-171173","post","type-post","status-publish","format-standard","hentry","category-politica"],"_links":{"self":[{"href":"https:\/\/diariodominicano.com\/index.php?rest_route=\/wp\/v2\/posts\/171173","targetHints":{"allow":["GET"]}}],"collection":[{"href":"https:\/\/diariodominicano.com\/index.php?rest_route=\/wp\/v2\/posts"}],"about":[{"href":"https:\/\/diariodominicano.com\/index.php?rest_route=\/wp\/v2\/types\/post"}],"author":[{"embeddable":true,"href":"https:\/\/diariodominicano.com\/index.php?rest_route=\/wp\/v2\/users\/3"}],"replies":[{"embeddable":true,"href":"https:\/\/diariodominicano.com\/index.php?rest_route=%2Fwp%2Fv2%2Fcomments&post=171173"}],"version-history":[{"count":0,"href":"https:\/\/diariodominicano.com\/index.php?rest_route=\/wp\/v2\/posts\/171173\/revisions"}],"wp:attachment":[{"href":"https:\/\/diariodominicano.com\/index.php?rest_route=%2Fwp%2Fv2%2Fmedia&parent=171173"}],"wp:term":[{"taxonomy":"category","embeddable":true,"href":"https:\/\/diariodominicano.com\/index.php?rest_route=%2Fwp%2Fv2%2Fcategories&post=171173"},{"taxonomy":"post_tag","embeddable":true,"href":"https:\/\/diariodominicano.com\/index.php?rest_route=%2Fwp%2Fv2%2Ftags&post=171173"}],"curies":[{"name":"wp","href":"https:\/\/api.w.org\/{rel}","templated":true}]}}