{"id":171172,"date":"2018-02-28T12:39:55","date_gmt":"2018-02-28T12:39:55","guid":{"rendered":"http:\/\/diariodominicano.ddns.net\/?p=171172"},"modified":"2018-02-28T12:39:55","modified_gmt":"2018-02-28T12:39:55","slug":"participacion-ciudadana-designa-a-carlos-pimentel-florenzan-su-nuevo-director-ejecutivo","status":"publish","type":"post","link":"https:\/\/diariodominicano.com\/?p=171172","title":{"rendered":"Participaci\u00f3n Ciudadana designa a Carlos Pimentel Florenz\u00e1n su nuevo  Director Ejecutivo"},"content":{"rendered":"<p><body><\/p>\n<p><img decoding=\"async\" src=\"img3\/Carlos Pimentel00.jpg\" \/>  <\/p>\n<p><strong><span class=\"text1noticias\">SANTO DOMINGO, RD, 28 de febrero de 2018.-<\/span><\/strong><span class=\"text1noticias\"> El Consejo Nacional de Participaci\u00f3n Ciudadana design\u00f3 a Carlos Pimentel Florenz\u00e1n, nuevo director ejecutivo de la organizaci\u00f3n.<\/span><\/p>\n<\/p>\n<p><span class=\"text1noticias\">Una nota informativa de PC explica que sustituye a Rosalia Sosa P\u00e9rez,  renunciante, qui\u00e9n se desempe\u00f1\u00f3 con notable \u00e9xito y compromiso en sus funciones durante 5 a\u00f1os y  7 meses. Explica que <\/span><\/p>\n<p><span class=\"text1noticias\">previo a esta designaci\u00f3n, se realiz\u00f3 una convocatoria p\u00fablica en la que aplicaron  10 candidatos y candidatas, entre quienes la Comisi\u00f3n designada, present\u00f3  una terna de 3, candidatos\/as ante el Consejo Nacional, quien eligi\u00f3 a unanimidad  al nuevo Director Ejecutivo.<\/span><\/p>\n<p><span class=\"text1noticias\"> <\/span><\/p>\n<p><span class=\"text1noticias\">Se\u00f1ala que Carlos Pimentel Florenz\u00e1n tiene 13 a\u00f1os en la instituci\u00f3n como parte del equipo t\u00e9cnico, desde asistente t\u00e9cnico, coordinador de m\u00faltiples y diversos proyectos institucionales, hasta encargado del \u00e1rea de Transparencia en la Gesti\u00f3n P\u00fablica.<\/span><\/p>\n<p><span class=\"text1noticias\"> <\/span><\/p>\n<p><span class=\"text1noticias\">\u00abDentro de las funciones que ejercer\u00e1 el nuevo Director Ejecutivo est\u00e1n las de planificar, coordinar y supervisar las actividades operativas y administrativas de Participaci\u00f3n Ciudadana, as\u00ed como servir de enlace entre los \u00f3rganos de direcci\u00f3n de la entidad, dando cumplimiento a las disposiciones emanadas de la Asamblea General, el Consejo Nacional y el Comit\u00e9 Coordinador\u00bb.  <\/span><\/p>\n<p><span class=\"text1noticias\"> <\/span><\/p>\n<p><span class=\"text1noticias\">El nuevo Director Ejecutivo de Participaci\u00f3n Ciudadana es abogado, egresado de la Universidad Aut\u00f3noma de Santo Domingo (UASD), Pos t\u00edtulo Transparencia y Lucha Contra la Corrupci\u00f3n  de la Facultad de Ciencias Jur\u00eddicas de la Universidad de Chile, Maestr\u00eda en Defensa y Seguridad Nacional de la Escuela de Graduados de Altos Estudios Estrat\u00e9gicos (EGAEE) y egresado del Programa de la Organizaci\u00f3n de Estados Americanos (OEA) para la promoci\u00f3n de los Gobiernos Abiertos en las Am\u00e9ricas. <\/span><\/p>\n<\/p>\n<p><span class=\"text1noticias\">Tiene un alto conocimiento de la administraci\u00f3n p\u00fablica; con amplia trayectoria en el impulso de pol\u00edticas de transparencia y lucha contra la corrupci\u00f3n; adem\u00e1s con experiencia en el monitoreo de normas electorales y pr\u00e1ctica en observaci\u00f3n electoral nacional e internacional.  Es columnista del peri\u00f3dico digital Acento y colaborador de los  programas radial La Rep\u00fablica y  televisivo Voces Nuevas. <\/span><\/p>\n<\/p>\n<p><span class=\"text1noticias\"> Adem\u00e1s,  fue parte del Comit\u00e9 de Experto de Seguimiento a la Implementaci\u00f3n de la Convenci\u00f3n Interamericana de Contra la Corrupci\u00f3n, de la Organizaci\u00f3n de Estados Americanos (OEA), fue investigador del Mecanismo de Reportes Independientes (IRM) de la Alianza de Gobierno Abierto y es docente del Instituto Tecnol\u00f3gico de las Am\u00e9ricas (ITLA), profesor invitado de la Maestr\u00eda de Alta Gerencia P\u00fablica de la Pontificia Universidad Cat\u00f3lica Madre y Maestra (PUCMM) y  del Centro de Gobernabilidad y Gerencia Social (CEGES) del Instituto Tecnol\u00f3gico de Santo Domingo (INTEC).<\/span><\/p>\n<p><span class=\"text1noticias\"> <\/span><\/p>\n<p><span class=\"text1noticias\">Pimentel Florenz\u00e1n, sustituye a Rosalia Sosa P\u00e9rez,  renunciante, qui\u00e9n se desempe\u00f1\u00f3 con notable \u00e9xito y compromiso en sus funciones durante 5 a\u00f1os y  7 meses, quien se presentar\u00e1 como candidata a Vicedecana de la Facultad de Ciencias Jur\u00eddicas y Pol\u00edticas en las pr\u00f3ximas elecciones de la Universidad Aut\u00f3noma de Santo Domingo, agrega la informaci\u00f3n de PC.<\/span><\/p>\n<\/p>\n<\/p>\n<h6> 2018-02-28 12:39:55 <\/h6>\n<p><!--\n<link rel=\"stylesheet\" href=\"css\/bootstrap.min.css\">\n\n\n<ul class=\"pagination\">\n\t    \n\t\n\n<li >\n\t<a href='?page_no=6503'>Previous<\/a>\n\t<\/li>\n\n\n       \n    \n\n<li><a href='?page_no=1'>1<\/a><\/li>\n\n\n\n<li><a href='?page_no=2'>2<\/a><\/li>\n\n\n\n<li><a>...<\/a><\/li>\n\n\n\n<li><a href='?page_no=6502'>6502<\/a><\/li>\n\n\n\n<li><a href='?page_no=6503'>6503<\/a><\/li>\n\n\n\n<li class='active'><a>6504<\/a><\/li>\n\n\n\n<li><a href='?page_no=6505'>6505<\/a><\/li>\n\n\n\n<li><a href='?page_no=6506'>6506<\/a><\/li>\n\n\n\n<li><a>...<\/a><\/li>\n\n\n\n<li><a href='?page_no=36999'>36999<\/a><\/li>\n\n\n\n<li><a href='?page_no=37000'>37000<\/a><\/li>\n\n    \n\t\n\n<li >\n\t<a href='?page_no=6505'>Next<\/a>\n\t<\/li>\n\n\n    \n\n<li><a href='?page_no=37000'>Last &rsaquo;&rsaquo;<\/a><\/li>\n\n<\/ul>\n\n\n--><br \/>\n<\/body><\/p>\n","protected":false},"excerpt":{"rendered":"<p>SANTO DOMINGO, RD, 28 de febrero de 2018.- El Consejo Nacional de Participaci\u00f3n Ciudadana design\u00f3 a Carlos Pimentel Florenz\u00e1n, nuevo director ejecutivo de la organizaci\u00f3n. Una nota informativa de PC explica que sustituye a Rosalia Sosa P\u00e9rez, renunciante, qui\u00e9n se desempe\u00f1\u00f3 con notable \u00e9xito y compromiso en sus funciones durante 5 a\u00f1os y 7 meses. [&hellip;]<\/p>\n","protected":false},"author":3,"featured_media":0,"comment_status":"open","ping_status":"open","sticky":false,"template":"","format":"standard","meta":{"footnotes":""},"categories":[22],"tags":[],"class_list":["post-171172","post","type-post","status-publish","format-standard","hentry","category-politica"],"_links":{"self":[{"href":"https:\/\/diariodominicano.com\/index.php?rest_route=\/wp\/v2\/posts\/171172","targetHints":{"allow":["GET"]}}],"collection":[{"href":"https:\/\/diariodominicano.com\/index.php?rest_route=\/wp\/v2\/posts"}],"about":[{"href":"https:\/\/diariodominicano.com\/index.php?rest_route=\/wp\/v2\/types\/post"}],"author":[{"embeddable":true,"href":"https:\/\/diariodominicano.com\/index.php?rest_route=\/wp\/v2\/users\/3"}],"replies":[{"embeddable":true,"href":"https:\/\/diariodominicano.com\/index.php?rest_route=%2Fwp%2Fv2%2Fcomments&post=171172"}],"version-history":[{"count":0,"href":"https:\/\/diariodominicano.com\/index.php?rest_route=\/wp\/v2\/posts\/171172\/revisions"}],"wp:attachment":[{"href":"https:\/\/diariodominicano.com\/index.php?rest_route=%2Fwp%2Fv2%2Fmedia&parent=171172"}],"wp:term":[{"taxonomy":"category","embeddable":true,"href":"https:\/\/diariodominicano.com\/index.php?rest_route=%2Fwp%2Fv2%2Fcategories&post=171172"},{"taxonomy":"post_tag","embeddable":true,"href":"https:\/\/diariodominicano.com\/index.php?rest_route=%2Fwp%2Fv2%2Ftags&post=171172"}],"curies":[{"name":"wp","href":"https:\/\/api.w.org\/{rel}","templated":true}]}}