{"id":171171,"date":"2018-02-28T19:45:57","date_gmt":"2018-02-28T19:45:57","guid":{"rendered":"http:\/\/diariodominicano.ddns.net\/?p=171171"},"modified":"2018-02-28T19:45:57","modified_gmt":"2018-02-28T19:45:57","slug":"prm-considera-presidente-medina-muestra-dos-paises-uno-de-opulencia-y-otro-de-desesperanza-y-aumento-de-la-pobreza","status":"publish","type":"post","link":"https:\/\/diariodominicano.com\/?p=171171","title":{"rendered":"PRM considera presidente Medina \u00abmuestra dos pa\u00edses; uno de opulencia y otro de desesperanza y aumento de la pobreza\u00bb"},"content":{"rendered":"<p><body><\/p>\n<p><img decoding=\"async\" src=\"img3\/PRM000.jpg\" \/>  <\/p>\n<p><strong>SANTO DOMINGO, RD, 28 de febrero de 2018.-<\/strong> El Partido Revolucionario Moderno (PRM) considera que la rendici\u00f3n de cuentas del presidente de la Rep\u00fablica Danilo Medina muestra una vez m\u00e1s que hay dos pa\u00edses: uno de opulencia para los miembros del PLD y el gobierno y otro de pobreza y desesperanza para la gran mayor\u00eda de los dominicanos y dominicanas.<\/p>\n<\/p>\n<p>En un comunicado de prensa  del  an\u00e1lisis que ha hecho al discurso de rendici\u00f3n de cuenta que dirigi\u00f3  a la Naci\u00f3n el presidente Danilo Medina el 27 de febrero con ocasi\u00f3n del 174 aniversario de la Rep\u00fablica, opina que \u00aben  la Rep\u00fablica Dominicana de los pelede\u00edstas hay riqueza y no hay pobreza, todos los servicios p\u00fablicos funcionan, el transito est\u00e1 regulado y ordenado, aunque sea por el aire con \u00absillas voladoras\u00bb, la justicia funciona y s\u00ed se es funcionario p\u00fablico todav\u00eda m\u00e1s, ya que siempre saldr\u00e1 absuelto sin importar el delito que se cometa, es el mundo de la \u00faltima tecnolog\u00eda, donde casi todos los pelede\u00edstas trabajan en el Estado con salarios de lujo y los hijos estudian con beca en el exterior entre otras maravillas propias de los nuevos ricos dominicanos\u00bb<\/p>\n<p><strong>Diariodominicano.com reproduce a continuaci\u00f3n una parte del documento que ha dirigido al pa\u00eds la Direcci\u00f3n Ejecutiva del PRM:<\/strong><\/p>\n<\/p>\n<p>La otra Rep\u00fablica Dominicana, de la gran mayor\u00eda es diferente. La gran mayor\u00eda de la poblaci\u00f3n est\u00e1 en pobreza, los hospitales no funcionan, no hay electricidad, el servicio de agua potable y el alcantarillado pr\u00e1cticamente no existe, el transporte p\u00fablico es un desastre, la justicia no es imparcial ni independiente, la educaci\u00f3n no tiene calidad, no hay empleos, los salarios son bajos y no alcanzan para pagar las medicinas ni la comida.<\/p>\n<\/p>\n<p>El resultado de 18 a\u00f1os de pelede\u00edsmo ha sido una sociedad marginada, des-esperanzada y empobrecida que ha llevado a 6 de cada 10 j\u00f3venes a querer emigrar de ese \u00abpara\u00edso peledeista\u00bb.<\/p>\n<\/p>\n<p>Los principales problemas de la naci\u00f3n siguen sin resolverse. Por el contrario, a estos se agregan nuevos.<\/p>\n<\/p>\n<p><strong>Deuda publica<\/strong><\/p>\n<\/p>\n<p>La deuda p\u00fablica supera los US$37 mil millones y en 2017 aument\u00f3 a un ritmo de RD$421 millones diarios, cerca de RD$300 mil por minuto. Esa deuda ha tenido dos motores: un d\u00e9ficit p\u00fablico que se ha mantenido en los \u00faltimos 10 a\u00f1os de gobierno del PLD, llegando en 2017, seg\u00fan cifras del FMI, a ser 3.2% del PIB lo que representa cerca de RD$114 mil millones, por encima del 2.3% (RD$85 mil millones) proyectados inicialmente. Peor a\u00fan el FMI calcula que en 2017 se pagar\u00e1 por intereses de esa deuda el 3.1% del PIB de los cuales pr\u00e1cticamente el 100% ser\u00e1 pagado con nuevas deudas.<\/p>\n<\/p>\n<p>El otro motor de la deuda es la del Banco Central, que hoy d\u00eda es la forma como el Banco Central mantiene la estabilidad del tipo de cambio y la baja inflaci\u00f3n. Es decir, la estabilidad cambiaria y la baja inflaci\u00f3n de hoy son el resultado de una deuda creciente del Banco Central de m\u00e1s de US$10 mil millones.<\/p>\n<\/p>\n<p><strong>Empleo<\/strong><\/p>\n<\/p>\n<p>La situaci\u00f3n del empleo es igualmente preocupante. Seg\u00fan el Banco Central se crearon 120 mil empleos nuevos en 2017, pero el 77% de ese empleo nuevo es informal y del 23% restante que son formales cerca del 60% es empleo p\u00fablico. \u00bfC\u00f3mo se avanza la poblaci\u00f3n del pa\u00eds si la mayor\u00eda de los empleos creados son informales o p\u00fablicos?<\/p>\n<\/p>\n<p><strong>Pobreza<\/strong><\/p>\n<\/p>\n<p>El gobierno ha vuelto a repetir que sac\u00f3 a 1.2 millones de personas de la pobreza y ha convertido a la sociedad dominicana en una sociedad de clase media. Estas cifras son cuestionables pues el nivel de desempleo no ha ca\u00eddo, el empleo creado apenas cubre los que entraron al mercado de trabajo, y los salarios siguen bajos.<\/p>\n<p><strong>Impunidad y corrupci\u00f3n<\/strong><\/p>\n<\/p>\n<p>El Presidente no se refiri\u00f3 al problema de la impunidad y corrupci\u00f3n, a pesar de que todas las mediciones internacionales indican que en los gobiernos del PLD ha habido un deterioro de la institucionalidad, un aumento de la corrupci\u00f3n y de la impunidad.<\/p>\n<\/p>\n<p>En efecto, Transparencia Internacional public\u00f3 la semana pasada el \u00edndice mundial donde muestra que la Rep\u00fablica Dominicana no s\u00f3lo baj\u00f3 la nota (de 31 a 29 sobre 100) entre 2016 a 2017, sino que perdi\u00f3 15 posiciones al pasar de la posici\u00f3n 120 en 2016 a la 135 de 176 pa\u00edses en 2017.<\/p>\n<\/p>\n<p>Ahora, para colmo el pa\u00eds ha sido demandado por la empresa m\u00e1s corrupta de las Am\u00e9ricas. Odebrecht demanda al Estado Dominicano ante un tribunal en EEUU por m\u00e1s de US$700 millones. \u00a1Una verg\u00fcenza para los dominicanos y dominicanas! <\/p>\n<p><strong>Seguridad ciudadana<\/strong><\/p>\n<\/p>\n<p>Es lamentable que el gobierno peledeista de Danilo Medina haya reducido el problema de la criminalidad a conflictos del vecindario, de tr\u00e1nsito y familiar. Es lamentable que el diagn\u00f3stico oficial pasara de calificar la violencia social (asesinatos y robo) como un problema de \u00abpercepci\u00f3n\u00bb a un problema entre vecinos. Ignorando as\u00ed los problemas del narcotr\u00e1fico, de exclusi\u00f3n social, de falta de oportunidades, de la polic\u00eda, del sistema de justicia, entre otros que azotan las zonas marginadas urbanas.   <\/p>\n<\/p>\n<p><strong>Servicios p\u00fablicos<\/strong><\/p>\n<\/p>\n<p>Los servicios p\u00fablicos siguen deteriorados. El Presidente, igual que en el a\u00f1o pasado volvi\u00f3 a prometer la terminaci\u00f3n de los hospitales intervenidos para remodelaci\u00f3n. Llama a sospecha tantos hospitales intervenidos al mismo tiempo. Nos preguntamos \u00bfSe trata de m\u00e1s desviaci\u00f3n de fondos y corrupci\u00f3n? No obstante, algunos centros de salud han sido inaugurados, pero no existen los materiales m\u00e1s b\u00e1sicos para atender a la poblaci\u00f3n.<\/p>\n<\/p>\n<p>Despu\u00e9s de 18 a\u00f1os de pelede\u00edsmo la calidad educativa sigue rezagada.<\/p>\n<\/p>\n<p>Despu\u00e9s de 18 a\u00f1os de pelede\u00edsmo el servicio el\u00e9ctrico sigue deficiente y toda la pol\u00edtica se reduce a la construcci\u00f3n de una planta altamente cuestionada en su costo y con la empresa m\u00e1s corrupta de Am\u00e9rica.<\/p>\n<\/p>\n<p>Despu\u00e9s de 18 a\u00f1os de pelede\u00edsmo, los problemas de vivienda, agua y saneamiento no se han resuelto.<\/p>\n<\/p>\n<p>Hay que dejar atr\u00e1s la demagogia y las malas administraciones de los gobiernos peledeistas. Es necesario un cambio. Los dominicanos y dominicanas merecen vivir mejor, con seguridad, con empleos, con mejores salarios, con salud, con educaci\u00f3n de calidad, sin pobreza.<\/p>\n<\/p>\n<p><strong>Direcci\u00f3n Ejecutiva<\/strong><\/p>\n<\/p>\n<h6> 2018-02-28 19:45:57 <\/h6>\n<p><!--\n<link rel=\"stylesheet\" href=\"css\/bootstrap.min.css\">\n\n\n<ul class=\"pagination\">\n\t    \n\t\n\n<li >\n\t<a href='?page_no=6502'>Previous<\/a>\n\t<\/li>\n\n\n       \n    \n\n<li><a href='?page_no=1'>1<\/a><\/li>\n\n\n\n<li><a href='?page_no=2'>2<\/a><\/li>\n\n\n\n<li><a>...<\/a><\/li>\n\n\n\n<li><a href='?page_no=6501'>6501<\/a><\/li>\n\n\n\n<li><a href='?page_no=6502'>6502<\/a><\/li>\n\n\n\n<li class='active'><a>6503<\/a><\/li>\n\n\n\n<li><a href='?page_no=6504'>6504<\/a><\/li>\n\n\n\n<li><a href='?page_no=6505'>6505<\/a><\/li>\n\n\n\n<li><a>...<\/a><\/li>\n\n\n\n<li><a href='?page_no=36999'>36999<\/a><\/li>\n\n\n\n<li><a href='?page_no=37000'>37000<\/a><\/li>\n\n    \n\t\n\n<li >\n\t<a href='?page_no=6504'>Next<\/a>\n\t<\/li>\n\n\n    \n\n<li><a href='?page_no=37000'>Last &rsaquo;&rsaquo;<\/a><\/li>\n\n<\/ul>\n\n\n--><br \/>\n<\/body><\/p>\n","protected":false},"excerpt":{"rendered":"<p>SANTO DOMINGO, RD, 28 de febrero de 2018.- El Partido Revolucionario Moderno (PRM) considera que la rendici\u00f3n de cuentas del presidente de la Rep\u00fablica Danilo Medina muestra una vez m\u00e1s que hay dos pa\u00edses: uno de opulencia para los miembros del PLD y el gobierno y otro de pobreza y desesperanza para la gran mayor\u00eda [&hellip;]<\/p>\n","protected":false},"author":3,"featured_media":0,"comment_status":"open","ping_status":"open","sticky":false,"template":"","format":"standard","meta":{"footnotes":""},"categories":[22],"tags":[],"class_list":["post-171171","post","type-post","status-publish","format-standard","hentry","category-politica"],"_links":{"self":[{"href":"https:\/\/diariodominicano.com\/index.php?rest_route=\/wp\/v2\/posts\/171171","targetHints":{"allow":["GET"]}}],"collection":[{"href":"https:\/\/diariodominicano.com\/index.php?rest_route=\/wp\/v2\/posts"}],"about":[{"href":"https:\/\/diariodominicano.com\/index.php?rest_route=\/wp\/v2\/types\/post"}],"author":[{"embeddable":true,"href":"https:\/\/diariodominicano.com\/index.php?rest_route=\/wp\/v2\/users\/3"}],"replies":[{"embeddable":true,"href":"https:\/\/diariodominicano.com\/index.php?rest_route=%2Fwp%2Fv2%2Fcomments&post=171171"}],"version-history":[{"count":0,"href":"https:\/\/diariodominicano.com\/index.php?rest_route=\/wp\/v2\/posts\/171171\/revisions"}],"wp:attachment":[{"href":"https:\/\/diariodominicano.com\/index.php?rest_route=%2Fwp%2Fv2%2Fmedia&parent=171171"}],"wp:term":[{"taxonomy":"category","embeddable":true,"href":"https:\/\/diariodominicano.com\/index.php?rest_route=%2Fwp%2Fv2%2Fcategories&post=171171"},{"taxonomy":"post_tag","embeddable":true,"href":"https:\/\/diariodominicano.com\/index.php?rest_route=%2Fwp%2Fv2%2Ftags&post=171171"}],"curies":[{"name":"wp","href":"https:\/\/api.w.org\/{rel}","templated":true}]}}