{"id":171170,"date":"2018-02-28T23:00:07","date_gmt":"2018-02-28T23:00:07","guid":{"rendered":"http:\/\/diariodominicano.ddns.net\/?p=171170"},"modified":"2018-02-28T23:00:07","modified_gmt":"2018-02-28T23:00:07","slug":"oposicion-venezolana-esta-entrampada-en-sus-errores-dice-dirigente-oficialista","status":"publish","type":"post","link":"https:\/\/diariodominicano.com\/?p=171170","title":{"rendered":"Oposici\u00f3n venezolana est\u00e1 \u00abentrampada en sus errores\u00bb, dice dirigente oficialista&#13;"},"content":{"rendered":"<p><body><\/p>\n<\/p>\n<p><strong> <\/strong><\/p>\n<p><strong>   CARACAS, 28 feb (Xinhua) &#8212;<\/strong> La oposici\u00f3n venezolana, aglutinada en la Mesa de la Unidad Democr\u00e1tica (MUD), est\u00e1 decidida a no participar en los comicos presidenciales del 22 de abril porque \u00abest\u00e1 entrampada en sus propios errores\u00bb, asegur\u00f3 hoy mi\u00e9rcoles el dirigente chavista H\u00e9ctor Rodr\u00edguez.<\/p>\n<\/p>\n<p>   Durante una entrevista con el canal privado Globovisi\u00f3n, Rodr\u00edguez expres\u00f3 que la oposici\u00f3n tiene temor de participar porque \u00abno puede ganar\u00bb, porque ha cometido un \u00abconjunto de errores\u00bb desde que logr\u00f3 una mayor\u00eda en las elecciones parlamentarias de diciembre de 2015.<\/p>\n<\/p>\n<p>   Consider\u00f3 un \u00aberror\u00bb que la fracci\u00f3n opositora se levantara de la mesa de di\u00e1logo que mantuvo con el gobierno en Rep\u00fablica Dominicana, y que entr\u00f3 en un \u00abreceso indefinido\u00bb en enero pasado.<\/p>\n<\/p>\n<p>   Como resultado de esa ronda de conversaciones iniciadas en septiembre de 2017 en Santo Domingo se redact\u00f3 un documento que s\u00f3lo firm\u00f3 el presidente venezolano, Nicol\u00e1s Maduro, pese a que la oposici\u00f3n, seg\u00fan el gobierno, lo abord\u00f3 previamente.<\/p>\n<\/p>\n<p>   En el marco de ese di\u00e1logo, el gobierno convoc\u00f3 a elecciones presidenciales, las cuales fueron adelantadas por la Asamblea Nacional Constituyente (ANC).<\/p>\n<\/p>\n<p>   Tras saludar la decisi\u00f3n de opositores que decidieron postular su candidatura a las presidenciales de manera independiente, Rodr\u00edguez, tambi\u00e9n gobernador del estado Miranda (oeste), critic\u00f3 que la oposici\u00f3n no tiene \u00abautonom\u00eda\u00bb y que \u00abes muy dependiente de Estados Unidos\u00bb.<\/p>\n<\/p>\n<p>   Reconoci\u00f3 la decisi\u00f3n del opositor Henri Falc\u00f3n de inscribirse como candidato para las presidenciales, ya que, expres\u00f3, \u00abpareciera que tiene m\u00e1s soberan\u00eda, m\u00e1s seguridad\u00bb.<\/p>\n<\/p>\n<p>   \u00abOjal\u00e1 eso permita que surja una oposici\u00f3n m\u00e1s responsable con un nuevo liderazgo que apueste a la democracia, que apueste a la paz\u00bb, sostuvo el dirigente oficialista.<\/p>\n<\/p>\n<p>   Desde el martes, en contexto de los comicios, postularon su candidatura ante el Poder Electoral, el presidente Maduro, candidato chavista a la reelecci\u00f3n por el denominado Gran Polo Patri\u00f3tico (GPP).<\/p>\n<\/p>\n<p>   Tambi\u00e9n se inscribieron como candidatos independientes Francisco Osorio Visconti, Javier Bertucci y Alejandro Ratti.<\/p>\n<\/p>\n<p>    Falc\u00f3n se postul\u00f3 con el apoyo de los partidos Avanzada Progresista (AP), Movimiento al Socialismo (MAS) y el Comit\u00e9 de Organizaci\u00f3n Pol\u00edtico-Electoral Independiente (Copei), mientras que Reinaldo Quijada se inscribi\u00f3 con apoyo del Movimiento Unidad Pol\u00edtica Popular 89 (UPP89).<\/p>\n<\/p>\n<p>   El Consejo Nacional Electoral (CNE) anunci\u00f3 este mi\u00e9rcoles que decidi\u00f3 extender por 48 horas el proceso de formalizaci\u00f3n de las candidaturas, que culminaba hoy, tras la \u00absolicitud de diversas organizaciones con fines pol\u00edticos\u00bb. Fin<\/p>\n<h6> 2018-02-28 23:00:07 <\/h6>\n<p><!--\n<link rel=\"stylesheet\" href=\"css\/bootstrap.min.css\">\n\n\n<ul class=\"pagination\">\n\t    \n\t\n\n<li >\n\t<a href='?page_no=6501'>Previous<\/a>\n\t<\/li>\n\n\n       \n    \n\n<li><a href='?page_no=1'>1<\/a><\/li>\n\n\n\n<li><a href='?page_no=2'>2<\/a><\/li>\n\n\n\n<li><a>...<\/a><\/li>\n\n\n\n<li><a href='?page_no=6500'>6500<\/a><\/li>\n\n\n\n<li><a href='?page_no=6501'>6501<\/a><\/li>\n\n\n\n<li class='active'><a>6502<\/a><\/li>\n\n\n\n<li><a href='?page_no=6503'>6503<\/a><\/li>\n\n\n\n<li><a href='?page_no=6504'>6504<\/a><\/li>\n\n\n\n<li><a>...<\/a><\/li>\n\n\n\n<li><a href='?page_no=36999'>36999<\/a><\/li>\n\n\n\n<li><a href='?page_no=37000'>37000<\/a><\/li>\n\n    \n\t\n\n<li >\n\t<a href='?page_no=6503'>Next<\/a>\n\t<\/li>\n\n\n    \n\n<li><a href='?page_no=37000'>Last &rsaquo;&rsaquo;<\/a><\/li>\n\n<\/ul>\n\n\n--><br \/>\n<\/body><\/p>\n","protected":false},"excerpt":{"rendered":"<p>CARACAS, 28 feb (Xinhua) &#8212; La oposici\u00f3n venezolana, aglutinada en la Mesa de la Unidad Democr\u00e1tica (MUD), est\u00e1 decidida a no participar en los comicos presidenciales del 22 de abril porque \u00abest\u00e1 entrampada en sus propios errores\u00bb, asegur\u00f3 hoy mi\u00e9rcoles el dirigente chavista H\u00e9ctor Rodr\u00edguez. Durante una entrevista con el canal privado Globovisi\u00f3n, Rodr\u00edguez expres\u00f3 [&hellip;]<\/p>\n","protected":false},"author":3,"featured_media":0,"comment_status":"open","ping_status":"open","sticky":false,"template":"","format":"standard","meta":{"footnotes":""},"categories":[22],"tags":[],"class_list":["post-171170","post","type-post","status-publish","format-standard","hentry","category-politica"],"_links":{"self":[{"href":"https:\/\/diariodominicano.com\/index.php?rest_route=\/wp\/v2\/posts\/171170","targetHints":{"allow":["GET"]}}],"collection":[{"href":"https:\/\/diariodominicano.com\/index.php?rest_route=\/wp\/v2\/posts"}],"about":[{"href":"https:\/\/diariodominicano.com\/index.php?rest_route=\/wp\/v2\/types\/post"}],"author":[{"embeddable":true,"href":"https:\/\/diariodominicano.com\/index.php?rest_route=\/wp\/v2\/users\/3"}],"replies":[{"embeddable":true,"href":"https:\/\/diariodominicano.com\/index.php?rest_route=%2Fwp%2Fv2%2Fcomments&post=171170"}],"version-history":[{"count":0,"href":"https:\/\/diariodominicano.com\/index.php?rest_route=\/wp\/v2\/posts\/171170\/revisions"}],"wp:attachment":[{"href":"https:\/\/diariodominicano.com\/index.php?rest_route=%2Fwp%2Fv2%2Fmedia&parent=171170"}],"wp:term":[{"taxonomy":"category","embeddable":true,"href":"https:\/\/diariodominicano.com\/index.php?rest_route=%2Fwp%2Fv2%2Fcategories&post=171170"},{"taxonomy":"post_tag","embeddable":true,"href":"https:\/\/diariodominicano.com\/index.php?rest_route=%2Fwp%2Fv2%2Ftags&post=171170"}],"curies":[{"name":"wp","href":"https:\/\/api.w.org\/{rel}","templated":true}]}}