{"id":171169,"date":"2018-03-01T11:45:27","date_gmt":"2018-03-01T11:45:27","guid":{"rendered":"http:\/\/diariodominicano.ddns.net\/?p=171169"},"modified":"2018-03-01T11:45:27","modified_gmt":"2018-03-01T11:45:27","slug":"surge-movimiento-independiente-de-rescate-democratico-mird","status":"publish","type":"post","link":"https:\/\/diariodominicano.com\/?p=171169","title":{"rendered":"Surge Movimiento Independiente de Rescate Democr\u00e1tico (MiRD)&#13;&#13;"},"content":{"rendered":"<p><body><\/p>\n<p>Inspirados en la necesidad de impulsar un proceso intensivo de toma de conciencia, \u00abpara evitar que el pa\u00eds sucumba social, pol\u00edtica y econ\u00f3micamente\u00bb, destacados profesionales, empresarios, activistas sociales, comunicadores y artistas lanzar\u00e1n este domingo el Movimiento Independiente de Rescate Democr\u00e1tico (MiRD).<\/p>\n<\/p>\n<p>La actividad tendr\u00e1 lugar en el Sal\u00f3n Andr\u00f3meda del hotel Barcel\u00f3 Lina, a partir de las 10:00 am, con la asistencia de centenares de personas procedentes de todo el pa\u00eds y representantes de organizaciones de la sociedad civil que act\u00faan en los m\u00e1s diversos espacios de la realidad social. <\/p>\n<\/p>\n<p>El economista Jos\u00e9 Rijo Presbot, quien encabeza el equipo promotor de esta iniciativa ciudadana, expres\u00f3 que el MiRD es resultado de un proceso de un trabajo colectivo que se desarroll\u00f3 durante varios meses.<\/p>\n<\/p>\n<p>Precis\u00f3 que nace como un espacio para la reflexi\u00f3n sobre la crisis de la democracia dominicana en sus distintos componentes y expresiones y, por tanto, \u00abasumimos la tarea fundamental de visualizar y conceptualizar los cambios que demanda el actual estado de cosas\u00bb.<\/p>\n<\/p>\n<p>Citando la Declaraci\u00f3n de Principios de la nueva organizaci\u00f3n, que se dar\u00e1 a conocer en el evento, Rijo Presbot dijo que urge una acci\u00f3n ciudadana a fondo, pues \u00abhoy padecemos una administraci\u00f3n caracterizada por continuos esc\u00e1ndalos de corrupci\u00f3n, generalmente apa\u00f1ados por las principales instituciones llamadas a fiscalizar la administraci\u00f3n p\u00fablica: un Congreso Nacional controlado por los detentadores y beneficiarios del poder y una Justicia envilecida por la manipulaci\u00f3n pol\u00edtica de sus decisiones\u00bb.<\/p>\n<\/p>\n<p>Agreg\u00f3 que esta convocatoria ciudadana se impone ante una realidad que se define a trav\u00e9s del  \u00cdndice de Competitividad Global del Foro Econ\u00f3mico Mundial, que le asigna a la Rep\u00fablica Dominicana el lugar 104 entre 137 pa\u00edses evaluados, con las peores puntuaciones en corrupci\u00f3n en el manejo de los fondos p\u00fablicos y, consecuentemente, p\u00e9rdida de confianza en los pol\u00edticos, a lo que se suma graves dificiencias en los servicios p\u00fablicos, desarrollo institucional, muertes por accidentes de tr\u00e1nsito, \u00e9tica empresarial, servicios de energ\u00eda e indicadores de pobreza.<\/p>\n<\/p>\n<p>\u00abTodo esto ? dijo- lleva al MiRD a una convicci\u00f3n: este pa\u00eds tiene que cambiar radicalmente\u00bb.<\/p>\n<\/p>\n<p>Adem\u00e1s de Rijo Presbot, entre los promotores de esta instituci\u00f3n de la sociedad civil figuran Manuel Jim\u00e9nez, Mily P\u00e9rez,  Ram\u00f3n Colombo, Jimmy Garc\u00eda Savi\u00f1\u00f3n, Silvia Molina, Henry Veras, Paula Disla, Alberto Rodr\u00edguez, Dr. Alejandro Pichardo, Dr. Miguel \u00c1ngel Prestol, Lic. Cesarina Morel, Ing. Cuqui Torres, Agron. Pedro Messina, Arq. Luis Guzm\u00e1n, Gral.(R ) Hilario Gonz\u00e1lez, Dra. Cehila Rodr\u00edguez  y Gral. (R) Alexander Aquino. <\/p>\n<h6> 2018-03-01 11:45:27 <\/h6>\n<p><!--\n<link rel=\"stylesheet\" href=\"css\/bootstrap.min.css\">\n\n\n<ul class=\"pagination\">\n\t    \n\t\n\n<li >\n\t<a href='?page_no=6500'>Previous<\/a>\n\t<\/li>\n\n\n       \n    \n\n<li><a href='?page_no=1'>1<\/a><\/li>\n\n\n\n<li><a href='?page_no=2'>2<\/a><\/li>\n\n\n\n<li><a>...<\/a><\/li>\n\n\n\n<li><a href='?page_no=6499'>6499<\/a><\/li>\n\n\n\n<li><a href='?page_no=6500'>6500<\/a><\/li>\n\n\n\n<li class='active'><a>6501<\/a><\/li>\n\n\n\n<li><a href='?page_no=6502'>6502<\/a><\/li>\n\n\n\n<li><a href='?page_no=6503'>6503<\/a><\/li>\n\n\n\n<li><a>...<\/a><\/li>\n\n\n\n<li><a href='?page_no=36999'>36999<\/a><\/li>\n\n\n\n<li><a href='?page_no=37000'>37000<\/a><\/li>\n\n    \n\t\n\n<li >\n\t<a href='?page_no=6502'>Next<\/a>\n\t<\/li>\n\n\n    \n\n<li><a href='?page_no=37000'>Last &rsaquo;&rsaquo;<\/a><\/li>\n\n<\/ul>\n\n\n--><br \/>\n<\/body><\/p>\n","protected":false},"excerpt":{"rendered":"<p>Inspirados en la necesidad de impulsar un proceso intensivo de toma de conciencia, \u00abpara evitar que el pa\u00eds sucumba social, pol\u00edtica y econ\u00f3micamente\u00bb, destacados profesionales, empresarios, activistas sociales, comunicadores y artistas lanzar\u00e1n este domingo el Movimiento Independiente de Rescate Democr\u00e1tico (MiRD). La actividad tendr\u00e1 lugar en el Sal\u00f3n Andr\u00f3meda del hotel Barcel\u00f3 Lina, a partir [&hellip;]<\/p>\n","protected":false},"author":3,"featured_media":0,"comment_status":"open","ping_status":"open","sticky":false,"template":"","format":"standard","meta":{"footnotes":""},"categories":[22],"tags":[],"class_list":["post-171169","post","type-post","status-publish","format-standard","hentry","category-politica"],"_links":{"self":[{"href":"https:\/\/diariodominicano.com\/index.php?rest_route=\/wp\/v2\/posts\/171169","targetHints":{"allow":["GET"]}}],"collection":[{"href":"https:\/\/diariodominicano.com\/index.php?rest_route=\/wp\/v2\/posts"}],"about":[{"href":"https:\/\/diariodominicano.com\/index.php?rest_route=\/wp\/v2\/types\/post"}],"author":[{"embeddable":true,"href":"https:\/\/diariodominicano.com\/index.php?rest_route=\/wp\/v2\/users\/3"}],"replies":[{"embeddable":true,"href":"https:\/\/diariodominicano.com\/index.php?rest_route=%2Fwp%2Fv2%2Fcomments&post=171169"}],"version-history":[{"count":0,"href":"https:\/\/diariodominicano.com\/index.php?rest_route=\/wp\/v2\/posts\/171169\/revisions"}],"wp:attachment":[{"href":"https:\/\/diariodominicano.com\/index.php?rest_route=%2Fwp%2Fv2%2Fmedia&parent=171169"}],"wp:term":[{"taxonomy":"category","embeddable":true,"href":"https:\/\/diariodominicano.com\/index.php?rest_route=%2Fwp%2Fv2%2Fcategories&post=171169"},{"taxonomy":"post_tag","embeddable":true,"href":"https:\/\/diariodominicano.com\/index.php?rest_route=%2Fwp%2Fv2%2Ftags&post=171169"}],"curies":[{"name":"wp","href":"https:\/\/api.w.org\/{rel}","templated":true}]}}