{"id":171168,"date":"2018-03-01T11:57:15","date_gmt":"2018-03-01T11:57:15","guid":{"rendered":"http:\/\/diariodominicano.ddns.net\/?p=171168"},"modified":"2018-03-01T11:57:15","modified_gmt":"2018-03-01T11:57:15","slug":"pld-entregara-certificados-a-miembros-que-completaron-el-programa-basico-de-formacion-politica","status":"publish","type":"post","link":"https:\/\/diariodominicano.com\/?p=171168","title":{"rendered":"PLD entregar\u00e1 certificados a  miembros que completaron el programa  b\u00e1sico de formaci\u00f3n pol\u00edtica"},"content":{"rendered":"<p><body><\/p>\n<p><img decoding=\"async\" src=\"img3\/Fachada PLD.jpeg\" \/>  <\/p>\n<p><span class=\"text1noticias\">Santo Domingo, R. D., 1 de marzo, 2018.- El Partido de la Liberaci\u00f3n Dominicana y su Secretar\u00eda de Formaci\u00f3n Pol\u00edtica realizar\u00e1n un acto de graduaci\u00f3n en el que se entregar\u00e1n los Certificados a los miembros de las seccionales de esa organizaci\u00f3n en  Panam\u00e1, Venezuela, Aruba, Miami, Puerto Rico y Guyana que completaron el programa de estudios. <\/span><\/p>\n<p><span class=\"text1noticias\"> <\/span><\/p>\n<p><span class=\"text1noticias\">El acto se efectuar\u00e1 este s\u00e1bado 3 de marzo, a las 10:00 de la ma\u00f1ana, en el Gran Sal\u00f3n Bienvenido Sandoval de la Casa Nacional del PLD. <\/span><\/p>\n<p><span class=\"text1noticias\"> <\/span><\/p>\n<p><span class=\"text1noticias\">Los participantes de las seccionales hicieron el curso de formaci\u00f3n pol\u00edtica en la modalidad virtual, acogiendo un mandato del VIII Congreso Comandante Norge Botello que estableci\u00f3 retomar la formaci\u00f3n pol\u00edtica en todos los niveles.<\/span><\/p>\n<p><span class=\"text1noticias\"> <\/span><\/p>\n<p><span class=\"text1noticias\">Como resoluci\u00f3n del Congreso se  exige que para ser dirigente del Partido de la Liberaci\u00f3n Dominicana se tiene como  requisito aprobar los programas de formaci\u00f3n en pol\u00edtica  que est\u00e1n divididos en tres niveles. <\/span><\/p>\n<p><span class=\"text1noticias\"> <\/span><\/p>\n<p><span class=\"text1noticias\">El Partido de la Liberaci\u00f3n Dominicana inici\u00f3 en el 2016 el Programa de Formaci\u00f3n Pol\u00edtica en la Modalidad Virtual, coloc\u00e1ndose as\u00ed, en esta materia, a la vanguardia en Latinoam\u00e9rica. <\/span><\/p>\n<p><span class=\"text1noticias\"> <\/span><\/p>\n<p><span class=\"text1noticias\">A trav\u00e9s de esta moderna plataforma se permite a sus militantes formarse adecuadamente para responder a los desaf\u00edos del mundo de este mundo globalizado. <\/span><\/p>\n<p><span class=\"text1noticias\"> <\/span><\/p>\n<p><span class=\"text1noticias\">El acto  entrega de certificaci\u00f3n ser\u00e1 encabezado por la titular de la Secretar\u00eda de Formaci\u00f3n Pol\u00edtica del PLD, Alejandrina Germ\u00e1n, quien confirm\u00f3 la participaci\u00f3n de una representaci\u00f3n en la actividad de la direcci\u00f3n pol\u00edtica partidaria. <\/span><\/p>\n<p><span class=\"text1noticias\"> <\/span><\/p>\n<p><span class=\"text1noticias\"> <\/span><\/p>\n<p><span class=\"text1noticias\"> <\/span><\/p>\n<p><span class=\"text1noticias\"> <\/span><\/p>\n<p><span class=\"text1noticias\"> <\/span><\/p>\n<p><span class=\"text1noticias\">SECRETARIA DE COMUNICACION<\/span>ES<\/p>\n<\/p>\n<p>01 DE MARZO, 2018.-<\/p>\n<h6> 2018-03-01 11:57:15 <\/h6>\n<p><!--\n<link rel=\"stylesheet\" href=\"css\/bootstrap.min.css\">\n\n\n<ul class=\"pagination\">\n\t    \n\t\n\n<li >\n\t<a href='?page_no=6499'>Previous<\/a>\n\t<\/li>\n\n\n       \n    \n\n<li><a href='?page_no=1'>1<\/a><\/li>\n\n\n\n<li><a href='?page_no=2'>2<\/a><\/li>\n\n\n\n<li><a>...<\/a><\/li>\n\n\n\n<li><a href='?page_no=6498'>6498<\/a><\/li>\n\n\n\n<li><a href='?page_no=6499'>6499<\/a><\/li>\n\n\n\n<li class='active'><a>6500<\/a><\/li>\n\n\n\n<li><a href='?page_no=6501'>6501<\/a><\/li>\n\n\n\n<li><a href='?page_no=6502'>6502<\/a><\/li>\n\n\n\n<li><a>...<\/a><\/li>\n\n\n\n<li><a href='?page_no=36999'>36999<\/a><\/li>\n\n\n\n<li><a href='?page_no=37000'>37000<\/a><\/li>\n\n    \n\t\n\n<li >\n\t<a href='?page_no=6501'>Next<\/a>\n\t<\/li>\n\n\n    \n\n<li><a href='?page_no=37000'>Last &rsaquo;&rsaquo;<\/a><\/li>\n\n<\/ul>\n\n\n--><br \/>\n<\/body><\/p>\n","protected":false},"excerpt":{"rendered":"<p>Santo Domingo, R. D., 1 de marzo, 2018.- El Partido de la Liberaci\u00f3n Dominicana y su Secretar\u00eda de Formaci\u00f3n Pol\u00edtica realizar\u00e1n un acto de graduaci\u00f3n en el que se entregar\u00e1n los Certificados a los miembros de las seccionales de esa organizaci\u00f3n en Panam\u00e1, Venezuela, Aruba, Miami, Puerto Rico y Guyana que completaron el programa de [&hellip;]<\/p>\n","protected":false},"author":3,"featured_media":0,"comment_status":"open","ping_status":"open","sticky":false,"template":"","format":"standard","meta":{"footnotes":""},"categories":[22],"tags":[],"class_list":["post-171168","post","type-post","status-publish","format-standard","hentry","category-politica"],"_links":{"self":[{"href":"https:\/\/diariodominicano.com\/index.php?rest_route=\/wp\/v2\/posts\/171168","targetHints":{"allow":["GET"]}}],"collection":[{"href":"https:\/\/diariodominicano.com\/index.php?rest_route=\/wp\/v2\/posts"}],"about":[{"href":"https:\/\/diariodominicano.com\/index.php?rest_route=\/wp\/v2\/types\/post"}],"author":[{"embeddable":true,"href":"https:\/\/diariodominicano.com\/index.php?rest_route=\/wp\/v2\/users\/3"}],"replies":[{"embeddable":true,"href":"https:\/\/diariodominicano.com\/index.php?rest_route=%2Fwp%2Fv2%2Fcomments&post=171168"}],"version-history":[{"count":0,"href":"https:\/\/diariodominicano.com\/index.php?rest_route=\/wp\/v2\/posts\/171168\/revisions"}],"wp:attachment":[{"href":"https:\/\/diariodominicano.com\/index.php?rest_route=%2Fwp%2Fv2%2Fmedia&parent=171168"}],"wp:term":[{"taxonomy":"category","embeddable":true,"href":"https:\/\/diariodominicano.com\/index.php?rest_route=%2Fwp%2Fv2%2Fcategories&post=171168"},{"taxonomy":"post_tag","embeddable":true,"href":"https:\/\/diariodominicano.com\/index.php?rest_route=%2Fwp%2Fv2%2Ftags&post=171168"}],"curies":[{"name":"wp","href":"https:\/\/api.w.org\/{rel}","templated":true}]}}