{"id":171165,"date":"2018-03-01T12:50:36","date_gmt":"2018-03-01T12:50:36","guid":{"rendered":"http:\/\/diariodominicano.ddns.net\/?p=171165"},"modified":"2018-03-01T12:50:36","modified_gmt":"2018-03-01T12:50:36","slug":"senador-rafael-calderon-resalta-dedicacion-y-entrega-del-presidente-danilo-medina","status":"publish","type":"post","link":"https:\/\/diariodominicano.com\/?p=171165","title":{"rendered":"Senador  Rafael Calder\u00f3n resalta dedicaci\u00f3n y entrega del Presidente Danilo Medina"},"content":{"rendered":"<p><body><\/p>\n<p><img decoding=\"async\" src=\"img3\/calder1.jpg\" \/>  <\/p>\n<p>Rafael Calder\u00f3n, senador del Partido de la Liberaci\u00f3n Dominicana (PLD), por la provincia Azua, resalt\u00f3 del Presidente Danilo Medina su apego al trabajo y empe\u00f1o para   hacer un buen  gobierno en beneficio de las y los dominicanos.<\/p>\n<\/p>\n<p>El miembro del Comit\u00e9 Central del PLD se expres\u00f3 en esos t\u00e9rminos al ser preguntado por los  entrevistadores del programa Despierta RD, por supuestas intenciones  reeleccionista del mandatario, como sectores politizados han interpretado del  discurso de  rendici\u00f3n de cuentas del mandatario en la reuni\u00f3n conjunta de congresistas el pasado 27 de febrero.<\/p>\n<\/p>\n<p>\u00abGuayando la yuca,  bien guaya para  el mejor gobierno que se pueda hacer\u00bb, puntualiz\u00f3 Calder\u00f3n en  nota divulgada por su partido, a trav\u00e9s de la Secretar\u00eda de Comunicaciones.<\/p>\n<\/p>\n<p>El legislador consider\u00f3 como  un deber del Partido de la Liberaci\u00f3n Dominicana mantenerse en el poder para cumplir con su compromiso de desarrollo y que para ello tiene que hacer un gobierno eficiente que logre renovar las simpat\u00edas del electorado.<\/p>\n<\/p>\n<p>\u00abPorque y repito, el PLD lo \u00fanico que no se puede dar el lujo es de perder porque tiene una responsabilidad hist\u00f3rica con este pa\u00eds y tiene que seguir profundizando los cambios que se est\u00e1n dando para bien de la naci\u00f3n\u00bb, apunt\u00f3 el dirigente del PLD en la provincia Compostela.<\/p>\n<\/p>\n<p>Rafael Calder\u00f3n dijo que est\u00e1 en el deber de ser  m\u00e1s que un vocero del gobierno por su compromiso con la organizaci\u00f3n que le dio la oportunidad de servir a su provincia desde el Congreso y por estar en completa sinton\u00eda con las normas y principios pelede\u00edstas  <\/p>\n<h6> 2018-03-01 12:50:36 <\/h6>\n<p><!--\n<link rel=\"stylesheet\" href=\"css\/bootstrap.min.css\">\n\n\n<ul class=\"pagination\">\n\t    \n\t\n\n<li >\n\t<a href='?page_no=6498'>Previous<\/a>\n\t<\/li>\n\n\n       \n    \n\n<li><a href='?page_no=1'>1<\/a><\/li>\n\n\n\n<li><a href='?page_no=2'>2<\/a><\/li>\n\n\n\n<li><a>...<\/a><\/li>\n\n\n\n<li><a href='?page_no=6497'>6497<\/a><\/li>\n\n\n\n<li><a href='?page_no=6498'>6498<\/a><\/li>\n\n\n\n<li class='active'><a>6499<\/a><\/li>\n\n\n\n<li><a href='?page_no=6500'>6500<\/a><\/li>\n\n\n\n<li><a href='?page_no=6501'>6501<\/a><\/li>\n\n\n\n<li><a>...<\/a><\/li>\n\n\n\n<li><a href='?page_no=36999'>36999<\/a><\/li>\n\n\n\n<li><a href='?page_no=37000'>37000<\/a><\/li>\n\n    \n\t\n\n<li >\n\t<a href='?page_no=6500'>Next<\/a>\n\t<\/li>\n\n\n    \n\n<li><a href='?page_no=37000'>Last &rsaquo;&rsaquo;<\/a><\/li>\n\n<\/ul>\n\n\n--><br \/>\n<\/body><\/p>\n","protected":false},"excerpt":{"rendered":"<p>Rafael Calder\u00f3n, senador del Partido de la Liberaci\u00f3n Dominicana (PLD), por la provincia Azua, resalt\u00f3 del Presidente Danilo Medina su apego al trabajo y empe\u00f1o para hacer un buen gobierno en beneficio de las y los dominicanos. El miembro del Comit\u00e9 Central del PLD se expres\u00f3 en esos t\u00e9rminos al ser preguntado por los entrevistadores [&hellip;]<\/p>\n","protected":false},"author":3,"featured_media":0,"comment_status":"open","ping_status":"open","sticky":false,"template":"","format":"standard","meta":{"footnotes":""},"categories":[22],"tags":[],"class_list":["post-171165","post","type-post","status-publish","format-standard","hentry","category-politica"],"_links":{"self":[{"href":"https:\/\/diariodominicano.com\/index.php?rest_route=\/wp\/v2\/posts\/171165","targetHints":{"allow":["GET"]}}],"collection":[{"href":"https:\/\/diariodominicano.com\/index.php?rest_route=\/wp\/v2\/posts"}],"about":[{"href":"https:\/\/diariodominicano.com\/index.php?rest_route=\/wp\/v2\/types\/post"}],"author":[{"embeddable":true,"href":"https:\/\/diariodominicano.com\/index.php?rest_route=\/wp\/v2\/users\/3"}],"replies":[{"embeddable":true,"href":"https:\/\/diariodominicano.com\/index.php?rest_route=%2Fwp%2Fv2%2Fcomments&post=171165"}],"version-history":[{"count":0,"href":"https:\/\/diariodominicano.com\/index.php?rest_route=\/wp\/v2\/posts\/171165\/revisions"}],"wp:attachment":[{"href":"https:\/\/diariodominicano.com\/index.php?rest_route=%2Fwp%2Fv2%2Fmedia&parent=171165"}],"wp:term":[{"taxonomy":"category","embeddable":true,"href":"https:\/\/diariodominicano.com\/index.php?rest_route=%2Fwp%2Fv2%2Fcategories&post=171165"},{"taxonomy":"post_tag","embeddable":true,"href":"https:\/\/diariodominicano.com\/index.php?rest_route=%2Fwp%2Fv2%2Ftags&post=171165"}],"curies":[{"name":"wp","href":"https:\/\/api.w.org\/{rel}","templated":true}]}}