{"id":171164,"date":"2018-03-01T15:25:45","date_gmt":"2018-03-01T15:25:45","guid":{"rendered":"http:\/\/diariodominicano.ddns.net\/?p=171164"},"modified":"2018-03-01T15:25:45","modified_gmt":"2018-03-01T15:25:45","slug":"carolina-mejia-dice-que-acto-de-cristo-rey-afianza-la-unidad-del-liderazgo-perremeista","status":"publish","type":"post","link":"https:\/\/diariodominicano.com\/?p=171164","title":{"rendered":"Carolina Mej\u00eda dice que acto de Cristo Rey afianza la unidad del liderazgo perreme\u00edsta"},"content":{"rendered":"<p><body><\/p>\n<p><img decoding=\"async\" src=\"img3\/IMG-20180301-WA0086.jpg\" \/>  <\/p>\n<\/p>\n<p>Santo Domingo, RD, 1 de marzo, &#8211; La aspirante a la Secretar\u00eda General del Partido Revolucionario Moderno Carolina Mej\u00eda, se\u00f1al\u00f3 que la comparecencia de las dos figuras pol\u00edticas que representan el liderazgo de ese partido en el acto celebrado en el Club los Cachorros del Distrito Nacional, por el diputado Alfredo Pacheco en apoyo a las candidaturas de ella y Paliza, es la muestra de que en el PRM, existe la necesidad de mantenerse unidos de cara a los comicios venideros.<\/p>\n<\/p>\n<p>La tambi\u00e9n excandidata vicepresidencial de las elecciones pasadas, manifest\u00f3 que con ello se afianza la unidad que reclaman las bases y env\u00eda un mensaje firme y contundente a aquellos que apuestan a la divisi\u00f3n del PRM, para perpetuarse en el poder, lacerando la democracia y la econom\u00eda dominicana y lucr\u00e1ndose de los impuestos que pagan los dominicanos.<\/p>\n<\/p>\n<p>En tal sentido valora como positivo el que ambos l\u00edderes, el Presidente Mej\u00eda y Luis Abinader, se hayan desprendido de los intereses personales para buscar una f\u00f3rmula que beneficie el crecimiento y desarrollo de la entidad partidaria, actuando apegados a los m\u00e1s sanos intereses de la militancia perreme\u00edsta.<\/p>\n<\/p>\n<p>Carolina Mej\u00eda, se comprometi\u00f3 con Hip\u00f3lito Mej\u00eda y Abinader a contribuir con su trabajo y entrega con el mantenimiento y fortalecimiento de esa visi\u00f3n inclusiva y participativa de las corrientes que componen las estructuras de ese partido y llevarlo junto Paliza a la obtenci\u00f3n del poder en el 2020.<\/p>\n<\/p>\n<p> \u00abNo hay dudas de que hoy se env\u00eda una se\u00f1al firme y contundente de la unidad que existe en nuestro partido, a aquellos que apuestan a la divisi\u00f3n, con el \u00fanico fin de perpetuarse en poder para lacerar nuestra democracia y nuestra econom\u00eda\u00bb. En esos t\u00e9rminos se expres\u00f3 Carolina Mej\u00eda <\/p>\n<p>De su lado el Senador Jos\u00e9 Paliza, candidato a presidir el Partido Revolucionario Moderno (PRM) se expres\u00f3 en los mismos t\u00e9rminos de Carolina Mej\u00eda y apost\u00f3 a que el PRM tiene que hacer una oposici\u00f3n fuerte y constructiva con miras a desplazar del poder al PLD en las pr\u00f3ximas elecciones, por lo que trabajar\u00e1 sin descanso para lograrlo.<\/p>\n<\/p>\n<p>En el acto estuvieron presentes Hip\u00f3lito Mej\u00eda y Luis Abinader, quienes manifestaron todo su respaldo a la formula Paliza-Carolina y valoraron la acogida que tiene esa propuesta en las bases del PRM.<\/p>\n<h6> 2018-03-01 15:25:45 <\/h6>\n<p><!--\n<link rel=\"stylesheet\" href=\"css\/bootstrap.min.css\">\n\n\n<ul class=\"pagination\">\n\t    \n\t\n\n<li >\n\t<a href='?page_no=6497'>Previous<\/a>\n\t<\/li>\n\n\n       \n    \n\n<li><a href='?page_no=1'>1<\/a><\/li>\n\n\n\n<li><a href='?page_no=2'>2<\/a><\/li>\n\n\n\n<li><a>...<\/a><\/li>\n\n\n\n<li><a href='?page_no=6496'>6496<\/a><\/li>\n\n\n\n<li><a href='?page_no=6497'>6497<\/a><\/li>\n\n\n\n<li class='active'><a>6498<\/a><\/li>\n\n\n\n<li><a href='?page_no=6499'>6499<\/a><\/li>\n\n\n\n<li><a href='?page_no=6500'>6500<\/a><\/li>\n\n\n\n<li><a>...<\/a><\/li>\n\n\n\n<li><a href='?page_no=36999'>36999<\/a><\/li>\n\n\n\n<li><a href='?page_no=37000'>37000<\/a><\/li>\n\n    \n\t\n\n<li >\n\t<a href='?page_no=6499'>Next<\/a>\n\t<\/li>\n\n\n    \n\n<li><a href='?page_no=37000'>Last &rsaquo;&rsaquo;<\/a><\/li>\n\n<\/ul>\n\n\n--><br \/>\n<\/body><\/p>\n","protected":false},"excerpt":{"rendered":"<p>Santo Domingo, RD, 1 de marzo, &#8211; La aspirante a la Secretar\u00eda General del Partido Revolucionario Moderno Carolina Mej\u00eda, se\u00f1al\u00f3 que la comparecencia de las dos figuras pol\u00edticas que representan el liderazgo de ese partido en el acto celebrado en el Club los Cachorros del Distrito Nacional, por el diputado Alfredo Pacheco en apoyo a [&hellip;]<\/p>\n","protected":false},"author":3,"featured_media":0,"comment_status":"open","ping_status":"open","sticky":false,"template":"","format":"standard","meta":{"footnotes":""},"categories":[22],"tags":[],"class_list":["post-171164","post","type-post","status-publish","format-standard","hentry","category-politica"],"_links":{"self":[{"href":"https:\/\/diariodominicano.com\/index.php?rest_route=\/wp\/v2\/posts\/171164","targetHints":{"allow":["GET"]}}],"collection":[{"href":"https:\/\/diariodominicano.com\/index.php?rest_route=\/wp\/v2\/posts"}],"about":[{"href":"https:\/\/diariodominicano.com\/index.php?rest_route=\/wp\/v2\/types\/post"}],"author":[{"embeddable":true,"href":"https:\/\/diariodominicano.com\/index.php?rest_route=\/wp\/v2\/users\/3"}],"replies":[{"embeddable":true,"href":"https:\/\/diariodominicano.com\/index.php?rest_route=%2Fwp%2Fv2%2Fcomments&post=171164"}],"version-history":[{"count":0,"href":"https:\/\/diariodominicano.com\/index.php?rest_route=\/wp\/v2\/posts\/171164\/revisions"}],"wp:attachment":[{"href":"https:\/\/diariodominicano.com\/index.php?rest_route=%2Fwp%2Fv2%2Fmedia&parent=171164"}],"wp:term":[{"taxonomy":"category","embeddable":true,"href":"https:\/\/diariodominicano.com\/index.php?rest_route=%2Fwp%2Fv2%2Fcategories&post=171164"},{"taxonomy":"post_tag","embeddable":true,"href":"https:\/\/diariodominicano.com\/index.php?rest_route=%2Fwp%2Fv2%2Ftags&post=171164"}],"curies":[{"name":"wp","href":"https:\/\/api.w.org\/{rel}","templated":true}]}}