{"id":171163,"date":"2018-03-02T01:07:03","date_gmt":"2018-03-02T01:07:03","guid":{"rendered":"http:\/\/diariodominicano.ddns.net\/?p=171163"},"modified":"2018-03-02T01:07:03","modified_gmt":"2018-03-02T01:07:03","slug":"eleccion-presidencial-en-venezuela-sera-el-20-de-mayo","status":"publish","type":"post","link":"https:\/\/diariodominicano.com\/?p=171163","title":{"rendered":"Elecci\u00f3n presidencial en Venezuela ser\u00e1 el 20 de mayo"},"content":{"rendered":"<p><body><\/p>\n<p><img decoding=\"async\" src=\"img3\/137009580_1519950811504_title0h.jpg\" \/>  <\/p>\n<p><strong> <\/strong><\/p>\n<p><strong>   CARACAS, 1 mar (Xinhua) &#8212;<\/strong> La elecci\u00f3n presidencial en Venezuela fue reprogramada para el pr\u00f3ximo 20 de mayo, fecha en la que tambi\u00e9n se realizar\u00e1n los comicios para consejos legislativos estatales y concejos municipales, inform\u00f3 hoy jueves la presidenta del Consejo Nacional Electoral (CNE), Tibisay Lucena.<\/p>\n<\/p>\n<p>   Durante una breve rueda de prensa, Lucena indic\u00f3 que \u00abla fecha de la elecci\u00f3n (qued\u00f3) para el 20 de mayo. Sumado a que en la misma fecha est\u00e1 prevista la elecci\u00f3n para consejos legislativos estatales y concejos municipales\u00bb.<\/p>\n<\/p>\n<p>   \u00abEn cumplimiento de (un) decreto constituyente (aprobado hoy), el CNE realiz\u00f3 una sesi\u00f3n extraordinaria, y queremos anunciar al pa\u00eds lo siguiente: la fecha de la elecci\u00f3n queda para el 20 de mayo\u00bb, manifest\u00f3 la funcionaria venezolana.<\/p>\n<\/p>\n<p>   Tradicionalmente pautada para diciembre del a\u00f1o electoral, la elecci\u00f3n presidencial fue adelantada inicialmente por la Asamblea Nacional Constituyente (ANC) para el 22 de abril.<\/p>\n<\/p>\n<p>   Lucena apunt\u00f3 que \u00aben las pr\u00f3ximas horas vamos a estar dando los detalles sobre la reprogramaci\u00f3n, las actividades a cumplir en el cronograma que estamos reprogramando para garantizar la viabilidad t\u00e9cnica de esta elecci\u00f3n\u00bb.<\/p>\n<\/p>\n<p>   Al referirse al proceso de elecci\u00f3n presidencial, la funcionaria anunci\u00f3 que \u00ablas postulaciones presidenciales quedan extendidas hasta las 4 de la tarde de ma\u00f1ana\u00bb viernes.<\/p>\n<\/p>\n<p>   \u00abEn las pr\u00f3ximas horas estaremos anunciando las fechas relevantes para las organizaciones con fines pol\u00edticos y la reprogramaci\u00f3n del cronograma completo\u00bb, expres\u00f3.<\/p>\n<\/p>\n<p>   \u00abY estaremos dando las fechas para las postulaciones de las siguientes dos elecciones (de consejos legislativos y concejos municipales)\u00bb, dijo.<\/p>\n<\/p>\n<p>   Por otra parte, la presidenta del Poder Electoral dijo que cumpliendo con el acuerdo firmado hoy por el gobierno y un sector de la oposici\u00f3n, el CNE decidi\u00f3 que el registro electoral quede \u00abextendido, a partir de este momento, hasta el 10 de marzo\u00bb.<\/p>\n<\/p>\n<p>   Este jueves, el gobierno y la oposici\u00f3n firmaron un documento donde solicitaron al CNE reprogramar los comicios presidenciales para la segunda quincena de mayo, y la convocatoria de las elecciones de los consejos legislativos y de los concejos municipales.<\/p>\n<\/p>\n<p>   En tanto, la Asamblea Nacional Constituyente (ANC) aprob\u00f3 un decreto mediante el cual inst\u00f3 al CNE a convocar las elecciones de consejos legislativos y concejos municipales, de manera simult\u00e1nea con las presidenciales. Fin<\/p>\n<\/p>\n<h6> 2018-03-02 01:07:03 <\/h6>\n<p><!--\n<link rel=\"stylesheet\" href=\"css\/bootstrap.min.css\">\n\n\n<ul class=\"pagination\">\n\t    \n\t\n\n<li >\n\t<a href='?page_no=6496'>Previous<\/a>\n\t<\/li>\n\n\n       \n    \n\n<li><a href='?page_no=1'>1<\/a><\/li>\n\n\n\n<li><a href='?page_no=2'>2<\/a><\/li>\n\n\n\n<li><a>...<\/a><\/li>\n\n\n\n<li><a href='?page_no=6495'>6495<\/a><\/li>\n\n\n\n<li><a href='?page_no=6496'>6496<\/a><\/li>\n\n\n\n<li class='active'><a>6497<\/a><\/li>\n\n\n\n<li><a href='?page_no=6498'>6498<\/a><\/li>\n\n\n\n<li><a href='?page_no=6499'>6499<\/a><\/li>\n\n\n\n<li><a>...<\/a><\/li>\n\n\n\n<li><a href='?page_no=36999'>36999<\/a><\/li>\n\n\n\n<li><a href='?page_no=37000'>37000<\/a><\/li>\n\n    \n\t\n\n<li >\n\t<a href='?page_no=6498'>Next<\/a>\n\t<\/li>\n\n\n    \n\n<li><a href='?page_no=37000'>Last &rsaquo;&rsaquo;<\/a><\/li>\n\n<\/ul>\n\n\n--><br \/>\n<\/body><\/p>\n","protected":false},"excerpt":{"rendered":"<p>CARACAS, 1 mar (Xinhua) &#8212; La elecci\u00f3n presidencial en Venezuela fue reprogramada para el pr\u00f3ximo 20 de mayo, fecha en la que tambi\u00e9n se realizar\u00e1n los comicios para consejos legislativos estatales y concejos municipales, inform\u00f3 hoy jueves la presidenta del Consejo Nacional Electoral (CNE), Tibisay Lucena. Durante una breve rueda de prensa, Lucena indic\u00f3 que [&hellip;]<\/p>\n","protected":false},"author":3,"featured_media":0,"comment_status":"open","ping_status":"open","sticky":false,"template":"","format":"standard","meta":{"footnotes":""},"categories":[22],"tags":[],"class_list":["post-171163","post","type-post","status-publish","format-standard","hentry","category-politica"],"_links":{"self":[{"href":"https:\/\/diariodominicano.com\/index.php?rest_route=\/wp\/v2\/posts\/171163","targetHints":{"allow":["GET"]}}],"collection":[{"href":"https:\/\/diariodominicano.com\/index.php?rest_route=\/wp\/v2\/posts"}],"about":[{"href":"https:\/\/diariodominicano.com\/index.php?rest_route=\/wp\/v2\/types\/post"}],"author":[{"embeddable":true,"href":"https:\/\/diariodominicano.com\/index.php?rest_route=\/wp\/v2\/users\/3"}],"replies":[{"embeddable":true,"href":"https:\/\/diariodominicano.com\/index.php?rest_route=%2Fwp%2Fv2%2Fcomments&post=171163"}],"version-history":[{"count":0,"href":"https:\/\/diariodominicano.com\/index.php?rest_route=\/wp\/v2\/posts\/171163\/revisions"}],"wp:attachment":[{"href":"https:\/\/diariodominicano.com\/index.php?rest_route=%2Fwp%2Fv2%2Fmedia&parent=171163"}],"wp:term":[{"taxonomy":"category","embeddable":true,"href":"https:\/\/diariodominicano.com\/index.php?rest_route=%2Fwp%2Fv2%2Fcategories&post=171163"},{"taxonomy":"post_tag","embeddable":true,"href":"https:\/\/diariodominicano.com\/index.php?rest_route=%2Fwp%2Fv2%2Ftags&post=171163"}],"curies":[{"name":"wp","href":"https:\/\/api.w.org\/{rel}","templated":true}]}}