{"id":171162,"date":"2018-03-02T12:32:04","date_gmt":"2018-03-02T12:32:04","guid":{"rendered":"http:\/\/diariodominicano.ddns.net\/?p=171162"},"modified":"2018-03-02T12:32:04","modified_gmt":"2018-03-02T12:32:04","slug":"prd-conmemorara-nacimiento-pena-gomez","status":"publish","type":"post","link":"https:\/\/diariodominicano.com\/?p=171162","title":{"rendered":"PRD conmemorar\u00e1 nacimiento Pe\u00f1a G\u00f3mez"},"content":{"rendered":"<p><body><\/p>\n<p><img decoding=\"async\" src=\"img3\/penago.jpg\" \/>  <\/p>\n<p>SANTO DOMINGO.- El 81 aniversario del nacimiento de Jos\u00e9 Francisco Pe\u00f1a G\u00f3mez ser\u00e1 celebrado el pr\u00f3ximo martes 6 por el Partido Revolucionario Dominicano (PRD), del que fue m\u00e1ximo l\u00edder hasta su deceso en 1998.<\/p>\n<\/p>\n<p>A las 9 de la ma\u00f1ana de ese dia ser\u00e1 oficiada una misa en la parroquia Jesucristo Sumo y Eterno Sacerdote, ubicada en la calle San Pio X esquina Leonardo de Vinci, de la urbanizaci\u00f3n Real, con la asistencia de la c\u00fapula dirigencial perrede\u00edsta, encabezada por Miguel Vargas Maldonado.<\/p>\n<\/p>\n<p>Una hora m\u00e1s tarde se realizar\u00e1 una ofrenda floral en el busto de Pe\u00f1a G\u00f3mez en la Casa Nacional del PRD, en la avenida Winston Churchill, y a las 11 de la ma\u00f1ana una comitiva del partido har\u00e1 una visita a la tumba del l\u00edder fallecido en el cementerio Cristo Redentor.<\/p>\n<\/p>\n<p>A las 4 de la tarde se efectuar\u00e1  en la sede nacional del PRD en la avenida Winston Churchill, un coloquio  sobre la vida de Pe\u00f1a G\u00f3mez, en el que ser\u00e1n expositores Stormy Reynoso, Julio C\u00e9sar Arias Mota y Gabriel Serrano.<\/p>\n<\/p>\n<p>Pe\u00f1a G\u00f3mez naci\u00f3 el 6 de marzo de 1937 en la loma de El Flaco, Cruce de Guayacanes, en Mao, municipio cabecera de la provincia Valverde.<\/p>\n<h6> 2018-03-02 12:32:04 <\/h6>\n<p><!--\n<link rel=\"stylesheet\" href=\"css\/bootstrap.min.css\">\n\n\n<ul class=\"pagination\">\n\t    \n\t\n\n<li >\n\t<a href='?page_no=6495'>Previous<\/a>\n\t<\/li>\n\n\n       \n    \n\n<li><a href='?page_no=1'>1<\/a><\/li>\n\n\n\n<li><a href='?page_no=2'>2<\/a><\/li>\n\n\n\n<li><a>...<\/a><\/li>\n\n\n\n<li><a href='?page_no=6494'>6494<\/a><\/li>\n\n\n\n<li><a href='?page_no=6495'>6495<\/a><\/li>\n\n\n\n<li class='active'><a>6496<\/a><\/li>\n\n\n\n<li><a href='?page_no=6497'>6497<\/a><\/li>\n\n\n\n<li><a href='?page_no=6498'>6498<\/a><\/li>\n\n\n\n<li><a>...<\/a><\/li>\n\n\n\n<li><a href='?page_no=36999'>36999<\/a><\/li>\n\n\n\n<li><a href='?page_no=37000'>37000<\/a><\/li>\n\n    \n\t\n\n<li >\n\t<a href='?page_no=6497'>Next<\/a>\n\t<\/li>\n\n\n    \n\n<li><a href='?page_no=37000'>Last &rsaquo;&rsaquo;<\/a><\/li>\n\n<\/ul>\n\n\n--><br \/>\n<\/body><\/p>\n","protected":false},"excerpt":{"rendered":"<p>SANTO DOMINGO.- El 81 aniversario del nacimiento de Jos\u00e9 Francisco Pe\u00f1a G\u00f3mez ser\u00e1 celebrado el pr\u00f3ximo martes 6 por el Partido Revolucionario Dominicano (PRD), del que fue m\u00e1ximo l\u00edder hasta su deceso en 1998. A las 9 de la ma\u00f1ana de ese dia ser\u00e1 oficiada una misa en la parroquia Jesucristo Sumo y Eterno Sacerdote, [&hellip;]<\/p>\n","protected":false},"author":3,"featured_media":0,"comment_status":"open","ping_status":"open","sticky":false,"template":"","format":"standard","meta":{"footnotes":""},"categories":[22],"tags":[],"class_list":["post-171162","post","type-post","status-publish","format-standard","hentry","category-politica"],"_links":{"self":[{"href":"https:\/\/diariodominicano.com\/index.php?rest_route=\/wp\/v2\/posts\/171162","targetHints":{"allow":["GET"]}}],"collection":[{"href":"https:\/\/diariodominicano.com\/index.php?rest_route=\/wp\/v2\/posts"}],"about":[{"href":"https:\/\/diariodominicano.com\/index.php?rest_route=\/wp\/v2\/types\/post"}],"author":[{"embeddable":true,"href":"https:\/\/diariodominicano.com\/index.php?rest_route=\/wp\/v2\/users\/3"}],"replies":[{"embeddable":true,"href":"https:\/\/diariodominicano.com\/index.php?rest_route=%2Fwp%2Fv2%2Fcomments&post=171162"}],"version-history":[{"count":0,"href":"https:\/\/diariodominicano.com\/index.php?rest_route=\/wp\/v2\/posts\/171162\/revisions"}],"wp:attachment":[{"href":"https:\/\/diariodominicano.com\/index.php?rest_route=%2Fwp%2Fv2%2Fmedia&parent=171162"}],"wp:term":[{"taxonomy":"category","embeddable":true,"href":"https:\/\/diariodominicano.com\/index.php?rest_route=%2Fwp%2Fv2%2Fcategories&post=171162"},{"taxonomy":"post_tag","embeddable":true,"href":"https:\/\/diariodominicano.com\/index.php?rest_route=%2Fwp%2Fv2%2Ftags&post=171162"}],"curies":[{"name":"wp","href":"https:\/\/api.w.org\/{rel}","templated":true}]}}