{"id":171161,"date":"2018-03-02T13:28:19","date_gmt":"2018-03-02T13:28:19","guid":{"rendered":"http:\/\/diariodominicano.ddns.net\/?p=171161"},"modified":"2018-03-02T13:28:19","modified_gmt":"2018-03-02T13:28:19","slug":"milagros-ortiz-bosch-afirma-base-del-prm-votara-por-convicciones","status":"publish","type":"post","link":"https:\/\/diariodominicano.com\/?p=171161","title":{"rendered":"Milagros Ortiz Bosch afirma base del PRM votar\u00e1 por convicciones &#13;"},"content":{"rendered":"<p><body><\/p>\n<p><img decoding=\"async\" src=\"img3\/milag1.jpg\" \/>  <\/p>\n<p>La exvicepresidenta de la Rep\u00fablica, Milagros Ortiz Bosch afirm\u00f3 que a pesar de que el PRM ha sido construido sobre la base de dos fuertes liderazgo, no est\u00e1n equivocados los que votar\u00e1n seg\u00fan sus convicciones en la convenci\u00f3n del pr\u00f3ximo d\u00eda 18 de este mes.<\/p>\n<\/p>\n<p>Manifest\u00f3 que tambi\u00e9n est\u00e1n equivocados los que piensan que la militancia de esa organizaci\u00f3n pol\u00edtica a la hora de elegir podr\u00eda renunciar a ese derecho, porque votaran mezclando las convicciones ajenas y las propias.<\/p>\n<\/p>\n<p>Al pronunciar las palabras centrales durante el acto de apoyo como secretario general de Jes\u00fas Chu V\u00e1squez, realizado a casa llena en el auditorio del Club Mauricio B\u00e1ez, Ortiz Boch afirm\u00f3 que su partido est\u00e1 compelido a realizar una convenci\u00f3n ejemplar.<\/p>\n<\/p>\n<p>?? La lealtad es una condici\u00f3n que opera en la totalidad de la conciencia individual, y yo s\u00e9 que Jes\u00fas V\u00e1squez Mart\u00ednez naci\u00f3 leal, no para mi, sino para su compromiso social, para la democracia dominicana, y el trabajo constante en beneficio de los hijos e hijas del pueblo dominicano, no me lo contaron lo he visto d\u00eda a d\u00eda??, asegur\u00f3 Ortiz Boch.<\/p>\n<\/p>\n<p>Dijo que su decisi\u00f3n de apoyar a Chu V\u00e1squez para la secretar\u00eda general est\u00e1 basada en reconocimiento a esa militancia que cada  d\u00eda lucha por construir un partido mejor.<\/p>\n<\/p>\n<p>?? Justificada en la apreciaci\u00f3n de su trabajo en la organizaci\u00f3n del PRM, su visi\u00f3n de la funci\u00f3n del Estado que debe cumplir un partido pol\u00edtico de oposici\u00f3n??, agreg\u00f3 Ortiz Bosch.<\/p>\n<\/p>\n<p>NO HAY TIEMPO PARA IMPROVISAR.<\/p>\n<\/p>\n<p>De su lado, Jes\u00fas V\u00e1squez  Mart\u00ednez CHU, afirm\u00f3 que en vista de la situaci\u00f3n en la que se encuentra el PRM, no hay tiempo para improvisar de c\u00f3mo deben hacerse las cosas, sino que la experiencia y madurez pol\u00edtica son factores fundamentales para definir la suerte de un partido.<\/p>\n<\/p>\n<p>??No hay tiempo para improvisar, cuando un partido como este ha dado pasos firmes en la construcci\u00f3n de esta organizaci\u00f3n pol\u00edtica, y a\u00fan est\u00e1 pendiente el paso mas importarte, concluir el trabajo iniciado, y eso no se puede improvisar??, precis\u00f3 Chu V\u00e1squez.<\/p>\n<\/p>\n<p>Chu V\u00e1squez asegur\u00f3 que si bien es cierto el PRM, es la principal fuerza de oposici\u00f3n del pa\u00eds, la base debe tener claro, que como partido est\u00e1n en una etapa peligrosa, porque cualquier desacierto lo puede alejar del poder.<\/p>\n<\/p>\n<p>Al acto de apoyo tambi\u00e9n asistieron la candidata presidencial del PRM Geanilda V\u00e1squez,  Orlando Jorge Mera y Eligio J\u00e1quez, quienes la semana pasada tambi\u00e9n hab\u00edan anunciado por separado su apoyo a Chu V\u00e1squez.<\/p>\n<\/p>\n<p>Tambi\u00e9n se dieron cita decenas de dirigentes de las diferentes circunscripciones del Distrito Nacional.<\/p>\n<\/p>\n<h6> 2018-03-02 13:28:19 <\/h6>\n<p><!--\n<link rel=\"stylesheet\" href=\"css\/bootstrap.min.css\">\n\n\n<ul class=\"pagination\">\n\t    \n\t\n\n<li >\n\t<a href='?page_no=6494'>Previous<\/a>\n\t<\/li>\n\n\n       \n    \n\n<li><a href='?page_no=1'>1<\/a><\/li>\n\n\n\n<li><a href='?page_no=2'>2<\/a><\/li>\n\n\n\n<li><a>...<\/a><\/li>\n\n\n\n<li><a href='?page_no=6493'>6493<\/a><\/li>\n\n\n\n<li><a href='?page_no=6494'>6494<\/a><\/li>\n\n\n\n<li class='active'><a>6495<\/a><\/li>\n\n\n\n<li><a href='?page_no=6496'>6496<\/a><\/li>\n\n\n\n<li><a href='?page_no=6497'>6497<\/a><\/li>\n\n\n\n<li><a>...<\/a><\/li>\n\n\n\n<li><a href='?page_no=36999'>36999<\/a><\/li>\n\n\n\n<li><a href='?page_no=37000'>37000<\/a><\/li>\n\n    \n\t\n\n<li >\n\t<a href='?page_no=6496'>Next<\/a>\n\t<\/li>\n\n\n    \n\n<li><a href='?page_no=37000'>Last &rsaquo;&rsaquo;<\/a><\/li>\n\n<\/ul>\n\n\n--><br \/>\n<\/body><\/p>\n","protected":false},"excerpt":{"rendered":"<p>La exvicepresidenta de la Rep\u00fablica, Milagros Ortiz Bosch afirm\u00f3 que a pesar de que el PRM ha sido construido sobre la base de dos fuertes liderazgo, no est\u00e1n equivocados los que votar\u00e1n seg\u00fan sus convicciones en la convenci\u00f3n del pr\u00f3ximo d\u00eda 18 de este mes. Manifest\u00f3 que tambi\u00e9n est\u00e1n equivocados los que piensan que la [&hellip;]<\/p>\n","protected":false},"author":3,"featured_media":0,"comment_status":"open","ping_status":"open","sticky":false,"template":"","format":"standard","meta":{"footnotes":""},"categories":[22],"tags":[],"class_list":["post-171161","post","type-post","status-publish","format-standard","hentry","category-politica"],"_links":{"self":[{"href":"https:\/\/diariodominicano.com\/index.php?rest_route=\/wp\/v2\/posts\/171161","targetHints":{"allow":["GET"]}}],"collection":[{"href":"https:\/\/diariodominicano.com\/index.php?rest_route=\/wp\/v2\/posts"}],"about":[{"href":"https:\/\/diariodominicano.com\/index.php?rest_route=\/wp\/v2\/types\/post"}],"author":[{"embeddable":true,"href":"https:\/\/diariodominicano.com\/index.php?rest_route=\/wp\/v2\/users\/3"}],"replies":[{"embeddable":true,"href":"https:\/\/diariodominicano.com\/index.php?rest_route=%2Fwp%2Fv2%2Fcomments&post=171161"}],"version-history":[{"count":0,"href":"https:\/\/diariodominicano.com\/index.php?rest_route=\/wp\/v2\/posts\/171161\/revisions"}],"wp:attachment":[{"href":"https:\/\/diariodominicano.com\/index.php?rest_route=%2Fwp%2Fv2%2Fmedia&parent=171161"}],"wp:term":[{"taxonomy":"category","embeddable":true,"href":"https:\/\/diariodominicano.com\/index.php?rest_route=%2Fwp%2Fv2%2Fcategories&post=171161"},{"taxonomy":"post_tag","embeddable":true,"href":"https:\/\/diariodominicano.com\/index.php?rest_route=%2Fwp%2Fv2%2Ftags&post=171161"}],"curies":[{"name":"wp","href":"https:\/\/api.w.org\/{rel}","templated":true}]}}