{"id":171160,"date":"2018-03-02T13:31:30","date_gmt":"2018-03-02T13:31:30","guid":{"rendered":"http:\/\/diariodominicano.ddns.net\/?p=171160"},"modified":"2018-03-02T13:31:30","modified_gmt":"2018-03-02T13:31:30","slug":"ramon-ventura-camejo-acoge-solicitud-de-mediacion-en-el-conflicto-educacion-adp","status":"publish","type":"post","link":"https:\/\/diariodominicano.com\/?p=171160","title":{"rendered":"Ram\u00f3n Ventura Camejo  acoge solicitud de mediaci\u00f3n en el conflicto Educaci\u00f3n ADP"},"content":{"rendered":"<p><body><\/p>\n<p><img decoding=\"async\" src=\"img3\/camejo1.jpg\" \/>  <\/p>\n<p>Ram\u00f3n Ventura Camejo, miembro del Comit\u00e9 Pol\u00edtico del Partido de la Liberaci\u00f3n Dominicana (PLD), Ministro de Administraci\u00f3n P\u00fablica (MAP),  acogi\u00f3 este d\u00eda la sugerencia de la Asociaci\u00f3n Dominicana de Profesores (ADP) para intermediar en \u00abel conflicto que afecta el sistema educativo dominicano, por la ordenanza 24-2017 para escoger los directores regionales y distritales por terna\u00bb.<\/p>\n<\/p>\n<p>Ventura Camejo dio el visto bueno para la mediaci\u00f3n del MAP en el conflicto mediante un mensaje de respuesta r\u00e1pida al presidente de la ADP, quien en rueda de prensa la tarde del jueves  explic\u00f3   que  solo esa entidad  (MAP) est\u00e1 facultada para dirimir lo que tiene que ver con los concursos a partir de las competencias que la Ley Org\u00e1nica de Administraci\u00f3n P\u00fablica (247-12) le asigna a esta instituci\u00f3n<\/p>\n<\/p>\n<p>\u00abEl MAP acoge la invitaci\u00f3n del profesor Hidalgo para dialogar con la ADP y el Ministerio de Educaci\u00f3n como lo hemos hecho en varias oportunidades\u00bb respondi\u00f3 el Ministro Ram\u00f3n Ventura Camejo en su cuenta de twitter @Venturacamejo.<\/p>\n<\/p>\n<p>Camejo se suma a otros dirigentes del Partido de la Liberaci\u00f3n Dominicana, quienes han planteado la necesidad de dialogo entre el gremio de los maestros y maestras y el Ministerio de Educaci\u00f3n.<\/p>\n<\/p>\n<p>Tanto el Presidente de la ADP, profesor Eduardo Hidalgo, como el Ministro de Educaci\u00f3n , Andr\u00e9s Navarro, son miembros del Comit\u00e9 Central, lo que se seg\u00fan los dirigentes que han opinado, impone una v\u00eda de di\u00e1logo constructivo.<\/p>\n<\/p>\n<p>La decisi\u00f3n  del ministerio  de Educaci\u00f3n disponiendo   la designaci\u00f3n de los directores de las 18 Direcciones Regionales de Educaci\u00f3n  trajo como reacci\u00f3n inmediata  el rechazo de la Asociaci\u00f3n Dominicana de Profesores, afirmando su presidente, Eduardo Hidalgo ,  que las designaciones   colocan  un ingrediente \u00abnefasto y desafortunado, que da una estocada mortal a la carrera docente de la Rep\u00fablica Dominicana\u00bb.<\/p>\n<\/p>\n<p>Este viernes en los actos de toma posesi\u00f3n de los nuevos directores regionales se registraron acciones de protestas de los anteriores incumbentes, quienes alegan la ilegalidad de las designaciones.<\/p>\n<h6> 2018-03-02 13:31:30 <\/h6>\n<p><!--\n<link rel=\"stylesheet\" href=\"css\/bootstrap.min.css\">\n\n\n<ul class=\"pagination\">\n\t    \n\t\n\n<li >\n\t<a href='?page_no=6493'>Previous<\/a>\n\t<\/li>\n\n\n       \n    \n\n<li><a href='?page_no=1'>1<\/a><\/li>\n\n\n\n<li><a href='?page_no=2'>2<\/a><\/li>\n\n\n\n<li><a>...<\/a><\/li>\n\n\n\n<li><a href='?page_no=6492'>6492<\/a><\/li>\n\n\n\n<li><a href='?page_no=6493'>6493<\/a><\/li>\n\n\n\n<li class='active'><a>6494<\/a><\/li>\n\n\n\n<li><a href='?page_no=6495'>6495<\/a><\/li>\n\n\n\n<li><a href='?page_no=6496'>6496<\/a><\/li>\n\n\n\n<li><a>...<\/a><\/li>\n\n\n\n<li><a href='?page_no=36999'>36999<\/a><\/li>\n\n\n\n<li><a href='?page_no=37000'>37000<\/a><\/li>\n\n    \n\t\n\n<li >\n\t<a href='?page_no=6495'>Next<\/a>\n\t<\/li>\n\n\n    \n\n<li><a href='?page_no=37000'>Last &rsaquo;&rsaquo;<\/a><\/li>\n\n<\/ul>\n\n\n--><br \/>\n<\/body><\/p>\n","protected":false},"excerpt":{"rendered":"<p>Ram\u00f3n Ventura Camejo, miembro del Comit\u00e9 Pol\u00edtico del Partido de la Liberaci\u00f3n Dominicana (PLD), Ministro de Administraci\u00f3n P\u00fablica (MAP), acogi\u00f3 este d\u00eda la sugerencia de la Asociaci\u00f3n Dominicana de Profesores (ADP) para intermediar en \u00abel conflicto que afecta el sistema educativo dominicano, por la ordenanza 24-2017 para escoger los directores regionales y distritales por terna\u00bb. [&hellip;]<\/p>\n","protected":false},"author":3,"featured_media":0,"comment_status":"open","ping_status":"open","sticky":false,"template":"","format":"standard","meta":{"footnotes":""},"categories":[22],"tags":[],"class_list":["post-171160","post","type-post","status-publish","format-standard","hentry","category-politica"],"_links":{"self":[{"href":"https:\/\/diariodominicano.com\/index.php?rest_route=\/wp\/v2\/posts\/171160","targetHints":{"allow":["GET"]}}],"collection":[{"href":"https:\/\/diariodominicano.com\/index.php?rest_route=\/wp\/v2\/posts"}],"about":[{"href":"https:\/\/diariodominicano.com\/index.php?rest_route=\/wp\/v2\/types\/post"}],"author":[{"embeddable":true,"href":"https:\/\/diariodominicano.com\/index.php?rest_route=\/wp\/v2\/users\/3"}],"replies":[{"embeddable":true,"href":"https:\/\/diariodominicano.com\/index.php?rest_route=%2Fwp%2Fv2%2Fcomments&post=171160"}],"version-history":[{"count":0,"href":"https:\/\/diariodominicano.com\/index.php?rest_route=\/wp\/v2\/posts\/171160\/revisions"}],"wp:attachment":[{"href":"https:\/\/diariodominicano.com\/index.php?rest_route=%2Fwp%2Fv2%2Fmedia&parent=171160"}],"wp:term":[{"taxonomy":"category","embeddable":true,"href":"https:\/\/diariodominicano.com\/index.php?rest_route=%2Fwp%2Fv2%2Fcategories&post=171160"},{"taxonomy":"post_tag","embeddable":true,"href":"https:\/\/diariodominicano.com\/index.php?rest_route=%2Fwp%2Fv2%2Ftags&post=171160"}],"curies":[{"name":"wp","href":"https:\/\/api.w.org\/{rel}","templated":true}]}}