{"id":171159,"date":"2018-03-02T22:58:15","date_gmt":"2018-03-02T22:58:15","guid":{"rendered":"http:\/\/diariodominicano.ddns.net\/?p=171159"},"modified":"2018-03-02T22:58:15","modified_gmt":"2018-03-02T22:58:15","slug":"candidato-opositor-a-presidencia-de-venezuela-exige-cumplimiento-de-acuerdo-electoral","status":"publish","type":"post","link":"https:\/\/diariodominicano.com\/?p=171159","title":{"rendered":"Candidato opositor a presidencia de Venezuela exige \u00abcumplimiento\u00bb de acuerdo electoral&#13;"},"content":{"rendered":"<p><body><\/p>\n<\/p>\n<p><strong>   CARACAS, 2 mar (Xinhua) &#8212;<\/strong> El candidato opositor a la presidencia de Venezuela, Henri Falc\u00f3n, exigi\u00f3 hoy al gobierno el \u00abcumplimiento estricto\u00bb del acuerdo de garant\u00edas comiciales firmado hoy viernes ante el Consejo Nacional Electoral (CNE).<\/p>\n<\/p>\n<p>   Desde la sede del CNE, donde ratificaron un documento firmado el jueves por representantes del gobierno y un sector de la oposici\u00f3n, Falc\u00f3n dijo querer esas \u00abcondiciones en la pr\u00e1ctica\u00bb y que \u00abno sean letra muerta\u00bb.<\/p>\n<\/p>\n<p>   Afirm\u00f3 que espera se cumpla tal cual se comprometieron las partes, \u00aby no tengamos que reconsiderar nuestra participaci\u00f3n en este proceso\u00bb electoral presidencial, que el \u00f3rgano comicial venezolano reprogram\u00f3 para el pr\u00f3ximo 20 de mayo.<\/p>\n<\/p>\n<p>   Falc\u00f3n, respaldado por su partido Avanzada Progresista (AP), consider\u00f3 que no se trata de \u00abun favor\u00bb, sino que \u00abhay un compromiso all\u00ed escrito\u00bb.<\/p>\n<\/p>\n<p>   Seg\u00fan el candidato opositor, apartado de la alianza Mesa de la Unidad Democr\u00e1tica (MUD) tras su postulaci\u00f3n, entre las exigencias del acuerdo est\u00e1n el no registro de voto asistido, ni el cierre de centros electorales con votantes en espera para ejercer su derecho al voto. <\/p>\n<\/p>\n<p>   De igual forma, record\u00f3 que debe haber un uso \u00abequitativo\u00bb de los medios de comunicaci\u00f3n del Estado.<\/p>\n<\/p>\n<p>   El pasado jueves, una representaci\u00f3n del gobierno y de la oposici\u00f3n firmaron un acuerdo ante el CNE, que busca la generaci\u00f3n de garant\u00edas electorales de cara a los comicios presidenciales del pr\u00f3ximo 20 de mayo.<\/p>\n<\/p>\n<p>   Ese d\u00eda se realizar\u00e1n simult\u00e1neamente los comicios de consejos legislativos regionales y de concejos municipales.<\/p>\n<\/p>\n<p>   Este viernes, desde la sede del CNE, el presidente venezolano, Nicol\u00e1s Maduro, defendi\u00f3 el sistema electoral nacional, al se\u00f1alar que ofrece \u00ab10 veces m\u00e1s garant\u00edas electorales (&#8230;) que en cualquier pa\u00eds de Europa\u00bb. Fin<\/p>\n<h6> 2018-03-02 22:58:15 <\/h6>\n<p><!--\n<link rel=\"stylesheet\" href=\"css\/bootstrap.min.css\">\n\n\n<ul class=\"pagination\">\n\t    \n\t\n\n<li >\n\t<a href='?page_no=6492'>Previous<\/a>\n\t<\/li>\n\n\n       \n    \n\n<li><a href='?page_no=1'>1<\/a><\/li>\n\n\n\n<li><a href='?page_no=2'>2<\/a><\/li>\n\n\n\n<li><a>...<\/a><\/li>\n\n\n\n<li><a href='?page_no=6491'>6491<\/a><\/li>\n\n\n\n<li><a href='?page_no=6492'>6492<\/a><\/li>\n\n\n\n<li class='active'><a>6493<\/a><\/li>\n\n\n\n<li><a href='?page_no=6494'>6494<\/a><\/li>\n\n\n\n<li><a href='?page_no=6495'>6495<\/a><\/li>\n\n\n\n<li><a>...<\/a><\/li>\n\n\n\n<li><a href='?page_no=36999'>36999<\/a><\/li>\n\n\n\n<li><a href='?page_no=37000'>37000<\/a><\/li>\n\n    \n\t\n\n<li >\n\t<a href='?page_no=6494'>Next<\/a>\n\t<\/li>\n\n\n    \n\n<li><a href='?page_no=37000'>Last &rsaquo;&rsaquo;<\/a><\/li>\n\n<\/ul>\n\n\n--><br \/>\n<\/body><\/p>\n","protected":false},"excerpt":{"rendered":"<p>CARACAS, 2 mar (Xinhua) &#8212; El candidato opositor a la presidencia de Venezuela, Henri Falc\u00f3n, exigi\u00f3 hoy al gobierno el \u00abcumplimiento estricto\u00bb del acuerdo de garant\u00edas comiciales firmado hoy viernes ante el Consejo Nacional Electoral (CNE). Desde la sede del CNE, donde ratificaron un documento firmado el jueves por representantes del gobierno y un sector [&hellip;]<\/p>\n","protected":false},"author":3,"featured_media":0,"comment_status":"open","ping_status":"open","sticky":false,"template":"","format":"standard","meta":{"footnotes":""},"categories":[22],"tags":[],"class_list":["post-171159","post","type-post","status-publish","format-standard","hentry","category-politica"],"_links":{"self":[{"href":"https:\/\/diariodominicano.com\/index.php?rest_route=\/wp\/v2\/posts\/171159","targetHints":{"allow":["GET"]}}],"collection":[{"href":"https:\/\/diariodominicano.com\/index.php?rest_route=\/wp\/v2\/posts"}],"about":[{"href":"https:\/\/diariodominicano.com\/index.php?rest_route=\/wp\/v2\/types\/post"}],"author":[{"embeddable":true,"href":"https:\/\/diariodominicano.com\/index.php?rest_route=\/wp\/v2\/users\/3"}],"replies":[{"embeddable":true,"href":"https:\/\/diariodominicano.com\/index.php?rest_route=%2Fwp%2Fv2%2Fcomments&post=171159"}],"version-history":[{"count":0,"href":"https:\/\/diariodominicano.com\/index.php?rest_route=\/wp\/v2\/posts\/171159\/revisions"}],"wp:attachment":[{"href":"https:\/\/diariodominicano.com\/index.php?rest_route=%2Fwp%2Fv2%2Fmedia&parent=171159"}],"wp:term":[{"taxonomy":"category","embeddable":true,"href":"https:\/\/diariodominicano.com\/index.php?rest_route=%2Fwp%2Fv2%2Fcategories&post=171159"},{"taxonomy":"post_tag","embeddable":true,"href":"https:\/\/diariodominicano.com\/index.php?rest_route=%2Fwp%2Fv2%2Ftags&post=171159"}],"curies":[{"name":"wp","href":"https:\/\/api.w.org\/{rel}","templated":true}]}}