{"id":171158,"date":"2018-03-03T12:37:33","date_gmt":"2018-03-03T12:37:33","guid":{"rendered":"http:\/\/diariodominicano.ddns.net\/?p=171158"},"modified":"2018-03-03T12:37:33","modified_gmt":"2018-03-03T12:37:33","slug":"reinaldo-pared-perez-afirma-modificacion-constitucional-no-esta-en-agenda-del-congreso","status":"publish","type":"post","link":"https:\/\/diariodominicano.com\/?p=171158","title":{"rendered":"Reinaldo Pared P\u00e9rez afirma modificaci\u00f3n constitucional no esta en agenda del Congreso"},"content":{"rendered":"<p><body><\/p>\n<p><img decoding=\"async\" src=\"img3\/reinald1.jpg\" \/>  <\/p>\n<p><strong>SANTO DOMINGO, RD, 3 de Marzo de 2018.- <\/strong>El Comit\u00e9 Pol\u00edtico del Partido de la Liberaci\u00f3n Dominicana realizar\u00e1 la reuni\u00f3n correspondiente al mes de marzo el pr\u00f3ximo jueves  d\u00eda 8 a partir de las siete de la noche en el sal\u00f3n de ese organismo,  en la Oficina Presidencial pelede\u00edsta.<\/p>\n<\/p>\n<p>La informaci\u00f3n la dio a conocer Reinaldo Pared P\u00e9rez, secretario general,  al responder a los periodistas que le abordaron sobre ese y otros temas en la Casa Nacional del PLD en donde particip\u00f3 en el acto de entrega  de certificados  a los dirigentes de esa organizaci\u00f3n que concluyeron el nivel B\u00e1sico de Formaci\u00f3n Pol\u00edtica.<\/p>\n<\/p>\n<p>\u00abEl Comit\u00e9 Pol\u00edtico se va a reunir, no el lunes 5 de marzo, sino el jueves 8 a partir de las siete de la noche\u00bb respondi\u00f3 Pared P\u00e9rez.<\/p>\n<\/p>\n<p>Desde este s\u00e1bado desde la Secretar\u00eda General del PLD se est\u00e1 realizando la convocatoria a los integrantes de ese organismo de direcci\u00f3n por las v\u00edas habituales que incluye el tel\u00e9fono y las redes sociales.<\/p>\n<\/p>\n<p>Sobre  una supuesta actitud reeleccionista del Presidente Danilo Medina, Pared P\u00e9rez, dijo que es un tema extempor\u00e1neo y que por tanto se debe esperar lo que al respecto exprese el Presidente de la Rep\u00fablica.<\/p>\n<\/p>\n<p>\u00abSe debe esperar. El Presidente (Danilo Medina) en su oportunidad se referir\u00e1 al tema\u00bb respondi\u00f3 Reinaldo Pared P\u00e9rez explicando que como militante, como lo ha hecho siempre,  acoger\u00e1 la decisi\u00f3n que adopte su Partido.<\/p>\n<\/p>\n<p>Modificaci\u00f3n constitucional no est\u00e1 en agenda  <\/p>\n<\/p>\n<p>Sobre el anuncio del Presindente del PRD, Miguel Vargas,  de que para las elecciones del 2020 llevar\u00e1 candidatura propia dijo que es un derecho que le corresponde a esa entidad como agrupaci\u00f3n pol\u00edtica con personer\u00eda.<\/p>\n<\/p>\n<p>\u00abEs el derecho que le corresponde, aunque apunt\u00f3 que es extempor\u00e1neo  hablar en estos momentos de alianzas y participaci\u00f3n electoral\u00bb contest\u00f3 el Secretario General del PLD.<\/p>\n<\/p>\n<p>Aclar\u00f3 a la representaci\u00f3n de los diferentes medios de comunicaci\u00f3n que le abordaron que el tema de una posible modificaci\u00f3n a la Constituci\u00f3n de la Republica no est\u00e1 en agenda.<\/p>\n<\/p>\n<p>\u00abEl tema de una posible reforma a la Constituci\u00f3n de la Republica no se ha planteado a lo interno del Congreso\u00bb dijo recordando que es un punto que,  con miras a las elecciones nacionales,  se hace recurrente en la opini\u00f3n publica.<\/p>\n<\/p>\n<p>Sobre supuestas fricciones a lo interno del Partido de la Liberaci\u00f3n Dominicana, que pudieran generar en una futura divisi\u00f3n, Reinaldo Pared P\u00e9rez apuesta a la experiencia de la dirigencia de ese Partido que si ha comprendido el gran valor de la unidad partidaria.<\/p>\n<\/p>\n<p>\u00abEl PLD tiene una gran experiencia. Se conoce que la unidad y la cohesi\u00f3n representan la garant\u00eda del triunfo\u00bb apunta el secretario general peledeista, que su Partido rese\u00f1\u00f3 en un despacho de la Secretar\u00eda de Comunicaciones.<\/p>\n<\/p>\n<p>\u00bf Atenta la migraci\u00f3n de los nacionales de Haiti la soberan\u00eda de Republica Dominicana? Fue una de las preguntas formuladas al tambi\u00e9n presidente del Senado de la Republica y por ende de la Asamblea Nacional , refiriendo que sobre el control de la frontera y el tema migratorio el Presidente de la Republica , Danilo Medina, hizo importantes anuncios , que motivan estar a las espera de esas medidas  anunciadas,  ofrezcan sus frutos.<\/p>\n<\/p>\n<p>\u00abEstoy convencidos de que con esas medidas el tema migratorio mejorar\u00e1 considerablemente\u00bb apunt\u00f3 Pared P\u00e9rez aclarando que el mandatario en su discurso el pasado 27 de febrero no solo se refiri\u00f3 a la presencia de militares, sino que anunci\u00f3 medidas para el control fronterizo y migratorio.<\/p>\n<\/p>\n<p>Cerr\u00f3 su dialogo con los periodistas apuntando que oportunamente el tema de las maquinas adquiridas por la Junta Central Electoral y que informaron no se utilizaran en las elecciones del a\u00f1o 2020, ser\u00e1 tratado oportunamente en la direcci\u00f3n pol\u00edtica del PLD.   <\/p>\n<h6> 2018-03-03 12:37:33 <\/h6>\n<p><!--\n<link rel=\"stylesheet\" href=\"css\/bootstrap.min.css\">\n\n\n<ul class=\"pagination\">\n\t    \n\t\n\n<li >\n\t<a href='?page_no=6491'>Previous<\/a>\n\t<\/li>\n\n\n       \n    \n\n<li><a href='?page_no=1'>1<\/a><\/li>\n\n\n\n<li><a href='?page_no=2'>2<\/a><\/li>\n\n\n\n<li><a>...<\/a><\/li>\n\n\n\n<li><a href='?page_no=6490'>6490<\/a><\/li>\n\n\n\n<li><a href='?page_no=6491'>6491<\/a><\/li>\n\n\n\n<li class='active'><a>6492<\/a><\/li>\n\n\n\n<li><a href='?page_no=6493'>6493<\/a><\/li>\n\n\n\n<li><a href='?page_no=6494'>6494<\/a><\/li>\n\n\n\n<li><a>...<\/a><\/li>\n\n\n\n<li><a href='?page_no=36999'>36999<\/a><\/li>\n\n\n\n<li><a href='?page_no=37000'>37000<\/a><\/li>\n\n    \n\t\n\n<li >\n\t<a href='?page_no=6493'>Next<\/a>\n\t<\/li>\n\n\n    \n\n<li><a href='?page_no=37000'>Last &rsaquo;&rsaquo;<\/a><\/li>\n\n<\/ul>\n\n\n--><br \/>\n<\/body><\/p>\n","protected":false},"excerpt":{"rendered":"<p>SANTO DOMINGO, RD, 3 de Marzo de 2018.- El Comit\u00e9 Pol\u00edtico del Partido de la Liberaci\u00f3n Dominicana realizar\u00e1 la reuni\u00f3n correspondiente al mes de marzo el pr\u00f3ximo jueves d\u00eda 8 a partir de las siete de la noche en el sal\u00f3n de ese organismo, en la Oficina Presidencial pelede\u00edsta. La informaci\u00f3n la dio a conocer [&hellip;]<\/p>\n","protected":false},"author":3,"featured_media":0,"comment_status":"open","ping_status":"open","sticky":false,"template":"","format":"standard","meta":{"footnotes":""},"categories":[22],"tags":[],"class_list":["post-171158","post","type-post","status-publish","format-standard","hentry","category-politica"],"_links":{"self":[{"href":"https:\/\/diariodominicano.com\/index.php?rest_route=\/wp\/v2\/posts\/171158","targetHints":{"allow":["GET"]}}],"collection":[{"href":"https:\/\/diariodominicano.com\/index.php?rest_route=\/wp\/v2\/posts"}],"about":[{"href":"https:\/\/diariodominicano.com\/index.php?rest_route=\/wp\/v2\/types\/post"}],"author":[{"embeddable":true,"href":"https:\/\/diariodominicano.com\/index.php?rest_route=\/wp\/v2\/users\/3"}],"replies":[{"embeddable":true,"href":"https:\/\/diariodominicano.com\/index.php?rest_route=%2Fwp%2Fv2%2Fcomments&post=171158"}],"version-history":[{"count":0,"href":"https:\/\/diariodominicano.com\/index.php?rest_route=\/wp\/v2\/posts\/171158\/revisions"}],"wp:attachment":[{"href":"https:\/\/diariodominicano.com\/index.php?rest_route=%2Fwp%2Fv2%2Fmedia&parent=171158"}],"wp:term":[{"taxonomy":"category","embeddable":true,"href":"https:\/\/diariodominicano.com\/index.php?rest_route=%2Fwp%2Fv2%2Fcategories&post=171158"},{"taxonomy":"post_tag","embeddable":true,"href":"https:\/\/diariodominicano.com\/index.php?rest_route=%2Fwp%2Fv2%2Ftags&post=171158"}],"curies":[{"name":"wp","href":"https:\/\/api.w.org\/{rel}","templated":true}]}}