{"id":171157,"date":"2018-03-03T20:59:20","date_gmt":"2018-03-03T20:59:20","guid":{"rendered":"http:\/\/diariodominicano.ddns.net\/?p=171157"},"modified":"2018-03-03T20:59:20","modified_gmt":"2018-03-03T20:59:20","slug":"alejandrina-german-sugiere-acercamiento-y-coparticipacion-entre-educacion-y-la-adp","status":"publish","type":"post","link":"https:\/\/diariodominicano.com\/?p=171157","title":{"rendered":"Alejandrina Germ\u00e1n sugiere acercamiento y coparticipaci\u00f3n entre Educaci\u00f3n y la  ADP"},"content":{"rendered":"<p><body><\/p>\n<p><img decoding=\"async\" src=\"img3\/agerman.jpg\" \/>  <\/p>\n<p><strong><span class=\"text1noticias\">Santo Domingo, R. D., 3 de marzo, 2018.- <\/span><\/strong><span class=\"text1noticias\">Alejandrina Germ\u00e1n, integrante del Comit\u00e9 Pol\u00edtico del Partido de la Liberaci\u00f3n Dominicana (PLD) , Ministra de Educaci\u00f3n Superior Ciencias y tecnolog\u00edas, propuso \u00absentarse en la mesa del di\u00e1logo y llegar a acuerdos\u00bb ante el conflicto que protagonizan el Ministerio de Educaci\u00f3n y la Asociaci\u00f3n Dominicana de Profesores (ADP).<\/span><\/p>\n<p><span class=\"text1noticias\"> <\/span><\/p>\n<p><span class=\"text1noticias\">Record\u00f3 que desde que se vislumbr\u00f3 el conflicto Educaci\u00f3n-ADP extern\u00f3 la importancia de que el gremio de los maestros,  aunque no tuviera capacidad decisoria,  participara en el proceso de selecci\u00f3n y sustituci\u00f3n de directores regionales y de distritos, como ha sido la tradici\u00f3n.<\/span><\/p>\n<p><span class=\"text1noticias\"> <\/span><\/p>\n<p><span class=\"text1noticias\">\u00abEra importante que aunque la ADP no pudiera decidir, estuviera informada y participara del proceso\u00bb, dijo Germ\u00e1n al manifestar confianza absoluta en la pulcritud y transparencia con que el ministerio de Educaci\u00f3n hizo la selecci\u00f3n de directores regionales; sino bas\u00e1ndose en la capacidad e incidencia de la ADP entre sus afiliados.<\/span><\/p>\n<p><span class=\"text1noticias\"> <\/span><\/p>\n<p><span class=\"text1noticias\">\u00abPorque no hay raz\u00f3n para que los perjudicados sean los estudiantes\u00bb, enfatiz\u00f3 la maestra y pol\u00edtica al sugerir la conveniencia de que la ADP, por su incidencia entre los afiliados,  pueda participar en los procesos de selecci\u00f3n que le competen.<\/span><\/p>\n<p><span class=\"text1noticias\"> <\/span><\/p>\n<p><span class=\"text1noticias\">\u00abSentarse en la mesa del di\u00e1logo y llegar a acuerdos\u00bb, enfatiz\u00f3 Germ\u00e1n en la Casa Nacional del PLD en declaraciones ofrecidas al concluir un acto de certificaci\u00f3n de dirigentes en formaci\u00f3n pol\u00edtica en la seccional dos en el exterior ,  y que rese\u00f1a y divulga la Secretar\u00eda de Comunicaciones.<\/span><\/p>\n<p><span class=\"text1noticias\"> <\/span><\/p>\n<p><span class=\"text1noticias\">Manifest\u00f3 el criterio de la pertinencia de que la ADP participara en el proceso de selecci\u00f3n de los directores regionales, fundament\u00e1ndose en el rol social e incidencia del gremio profesoral.<\/span><\/p>\n<p><span class=\"text1noticias\"> <\/span><\/p>\n<p><span class=\"text1noticias\"> <\/span><\/p>\n<p><span class=\"text1noticias\">Dijo tener la convicci\u00f3n de que el ministerio de Educaci\u00f3n llev\u00f3 a cabo el proceso de selecci\u00f3n con pulcritud, diafanidad y eligiendo los mejores; pero \u00ab&#8230;tomando en cuenta que la ADP es el gremio que agrupa a todos los educadores del pa\u00eds del sector p\u00fablico, hubiese sido importante que ellos participaran del proceso; por supuesto, no para decidir, porque un gremio no decide&#8230;\u00bb; se\u00f1alando asimismo que \u00abes una decisi\u00f3n que le corresponde al ministerio\u00bb.<\/span><\/p>\n<p><span class=\"text1noticias\"> <\/span><\/p>\n<p><span class=\"text1noticias\">Asimismo, recrimin\u00f3 la violencia f\u00edsica y verbal que han reportado medios de comunicaci\u00f3n ante manifestaciones de directores regionales de educaci\u00f3n que fueron sustituidos por el ministerio de Educaci\u00f3n en ausencia de la ADP.<\/span><\/p>\n<p><span class=\"text1noticias\"> <\/span><\/p>\n<p><span class=\"text1noticias\">Alejandrina Germ\u00e1n dijo no tener informes destallados del proceso, pero refiri\u00f3 que desde el ministerio de educaci\u00f3n se  afirm\u00f3  que a los directores sustituidos se les preservaran  los derechos adquiridos y sus condiciones de t\u00e9cnicos en educaci\u00f3n en las mismas regionales a las que pertenecen.<\/span><\/p>\n<p><span class=\"text1noticias\"> <\/span><\/p>\n<p><span class=\"text1noticias\"> Fuente: SECRETARIA DE COMUNICACIONES<\/span><\/p>\n<p><span class=\"text1noticias\"> <\/span><\/p>\n<p><span class=\"text1noticias\">03 DE <\/span>MARZO, 2018.-<\/p>\n<\/p>\n<h6> 2018-03-03 20:59:20 <\/h6>\n<p><!--\n<link rel=\"stylesheet\" href=\"css\/bootstrap.min.css\">\n\n\n<ul class=\"pagination\">\n\t    \n\t\n\n<li >\n\t<a href='?page_no=6490'>Previous<\/a>\n\t<\/li>\n\n\n       \n    \n\n<li><a href='?page_no=1'>1<\/a><\/li>\n\n\n\n<li><a href='?page_no=2'>2<\/a><\/li>\n\n\n\n<li><a>...<\/a><\/li>\n\n\n\n<li><a href='?page_no=6489'>6489<\/a><\/li>\n\n\n\n<li><a href='?page_no=6490'>6490<\/a><\/li>\n\n\n\n<li class='active'><a>6491<\/a><\/li>\n\n\n\n<li><a href='?page_no=6492'>6492<\/a><\/li>\n\n\n\n<li><a href='?page_no=6493'>6493<\/a><\/li>\n\n\n\n<li><a>...<\/a><\/li>\n\n\n\n<li><a href='?page_no=36999'>36999<\/a><\/li>\n\n\n\n<li><a href='?page_no=37000'>37000<\/a><\/li>\n\n    \n\t\n\n<li >\n\t<a href='?page_no=6492'>Next<\/a>\n\t<\/li>\n\n\n    \n\n<li><a href='?page_no=37000'>Last &rsaquo;&rsaquo;<\/a><\/li>\n\n<\/ul>\n\n\n--><br \/>\n<\/body><\/p>\n","protected":false},"excerpt":{"rendered":"<p>Santo Domingo, R. D., 3 de marzo, 2018.- Alejandrina Germ\u00e1n, integrante del Comit\u00e9 Pol\u00edtico del Partido de la Liberaci\u00f3n Dominicana (PLD) , Ministra de Educaci\u00f3n Superior Ciencias y tecnolog\u00edas, propuso \u00absentarse en la mesa del di\u00e1logo y llegar a acuerdos\u00bb ante el conflicto que protagonizan el Ministerio de Educaci\u00f3n y la Asociaci\u00f3n Dominicana de Profesores [&hellip;]<\/p>\n","protected":false},"author":3,"featured_media":0,"comment_status":"open","ping_status":"open","sticky":false,"template":"","format":"standard","meta":{"footnotes":""},"categories":[22],"tags":[],"class_list":["post-171157","post","type-post","status-publish","format-standard","hentry","category-politica"],"_links":{"self":[{"href":"https:\/\/diariodominicano.com\/index.php?rest_route=\/wp\/v2\/posts\/171157","targetHints":{"allow":["GET"]}}],"collection":[{"href":"https:\/\/diariodominicano.com\/index.php?rest_route=\/wp\/v2\/posts"}],"about":[{"href":"https:\/\/diariodominicano.com\/index.php?rest_route=\/wp\/v2\/types\/post"}],"author":[{"embeddable":true,"href":"https:\/\/diariodominicano.com\/index.php?rest_route=\/wp\/v2\/users\/3"}],"replies":[{"embeddable":true,"href":"https:\/\/diariodominicano.com\/index.php?rest_route=%2Fwp%2Fv2%2Fcomments&post=171157"}],"version-history":[{"count":0,"href":"https:\/\/diariodominicano.com\/index.php?rest_route=\/wp\/v2\/posts\/171157\/revisions"}],"wp:attachment":[{"href":"https:\/\/diariodominicano.com\/index.php?rest_route=%2Fwp%2Fv2%2Fmedia&parent=171157"}],"wp:term":[{"taxonomy":"category","embeddable":true,"href":"https:\/\/diariodominicano.com\/index.php?rest_route=%2Fwp%2Fv2%2Fcategories&post=171157"},{"taxonomy":"post_tag","embeddable":true,"href":"https:\/\/diariodominicano.com\/index.php?rest_route=%2Fwp%2Fv2%2Ftags&post=171157"}],"curies":[{"name":"wp","href":"https:\/\/api.w.org\/{rel}","templated":true}]}}