{"id":171156,"date":"2018-03-03T22:10:11","date_gmt":"2018-03-03T22:10:11","guid":{"rendered":"http:\/\/diariodominicano.ddns.net\/?p=171156"},"modified":"2018-03-03T22:10:11","modified_gmt":"2018-03-03T22:10:11","slug":"seguidores-de-leonel-fernandez-inician-asambleas-en-la-capital","status":"publish","type":"post","link":"https:\/\/diariodominicano.com\/?p=171156","title":{"rendered":"Seguidores de Leonel Fern\u00e1ndez inician asambleas en la Capital"},"content":{"rendered":"<p><body><\/p>\n<p><img decoding=\"async\" src=\"img3\/2018-03-02-PHOTO-00002522.jpg\" \/><br \/><img decoding=\"async\" src=\"img3\/2018-03-02-PHOTO-00002501.jpg\" \/><br \/><img decoding=\"async\" src=\"img3\/2018-03-02-PHOTO-00002500.jpg\" \/>  <\/p>\n<p><strong>SANTO DOMINGO, RD, 3 de marzo de 2018.-<\/strong> La Direcci\u00f3n Pol\u00edtica del Proyecto \u00abLeonel Fern\u00e1ndez Presidente 2020\u00bb en la circunscripci\u00f3n n\u00famero 2 del Distrito Nacional realiz\u00f3 una asamblea de dirigentes este viernes en el Club Los Cachorros del sector de Cristo Rey, con la presencia de los miembros del Comit\u00e9 Pol\u00edtico Radham\u00e9s Jim\u00e9nez y Bautista Rojas G\u00f3mez (Bauta), adem\u00e1s del senador, miembro del Comit\u00e9 Central y secretario de Organizaci\u00f3n del Partido de la Liberaci\u00f3n Dominicana (PLD), el ingeniero F\u00e9lix Bautista. Tambi\u00e9n estuvo presente la licenciada Juana S\u00e1nchez, miembro del Comit\u00e9 Central, enlace y parte de la Coordinaci\u00f3n Nacional de dicho proyecto. <\/p>\n<\/p>\n<p>La organizaci\u00f3n y convocatoria de esta actividad pol\u00edtica estuvo a cargo del Comit\u00e9 de Direcci\u00f3n del proyecto \u00abLeonel 2020\u00bb en esta demarcaci\u00f3n, encabezado por los miembros del Comit\u00e9 Central Nelson G\u00f3mez, coordinador general, Mery Valerio, Andr\u00e9s Mart\u00ednez, Dennis Manzanillo, el ex diputado Julio Horton, el regidor Francis Hern\u00e1ndez y F\u00e9lix Pe\u00f1a, con la participaci\u00f3n de presidentes de comit\u00e9s intermedios, de comit\u00e9s de base, miembros y representantes del sector externo que apoyan la iniciativa de impulsar la candidatura del Dr. Fern\u00e1ndez para las pr\u00f3ximas elecciones presidenciales. <\/p>\n<\/p>\n<p>Durante el acto, que inici\u00f3 a las 7:00 PM y concluy\u00f3 a las 8:30 PM, Radham\u00e9s Jim\u00e9nez destac\u00f3 el papel estelar del ex presidente Fern\u00e1ndez para la conquista del poder por parte del PLD en los a\u00f1os 1996, 2004 y 2008, enfatizando que esta organizaci\u00f3n debe mantenerse al frente del Estado en el a\u00f1o 2020 \u00abcon un candidato querido por el pueblo, en cuya gesti\u00f3n transform\u00f3 nuestro pa\u00eds a la estabilidad y el progreso\u00bb. <\/p>\n<\/p>\n<p>Por su parte \u00abBauta\u00bb Rojas exhort\u00f3 a los dirigentes del PLD a seguir trabajando con la inscripci\u00f3n de los simpatizantes de Leonel, ademas de apoyar la gesti\u00f3n del presidente Danilo Medina, ya que \u00abes la continuidad de un proyecto de naci\u00f3n partidario que ha ido beneficiando a la poblaci\u00f3n, especialmente a los m\u00e1s necesitados, con gobiernos que han mejorado sus condiciones de vida\u00bb.<\/p>\n<\/p>\n<h6> 2018-03-03 22:10:11 <\/h6>\n<p><!--\n<link rel=\"stylesheet\" href=\"css\/bootstrap.min.css\">\n\n\n<ul class=\"pagination\">\n\t    \n\t\n\n<li >\n\t<a href='?page_no=6489'>Previous<\/a>\n\t<\/li>\n\n\n       \n    \n\n<li><a href='?page_no=1'>1<\/a><\/li>\n\n\n\n<li><a href='?page_no=2'>2<\/a><\/li>\n\n\n\n<li><a>...<\/a><\/li>\n\n\n\n<li><a href='?page_no=6488'>6488<\/a><\/li>\n\n\n\n<li><a href='?page_no=6489'>6489<\/a><\/li>\n\n\n\n<li class='active'><a>6490<\/a><\/li>\n\n\n\n<li><a href='?page_no=6491'>6491<\/a><\/li>\n\n\n\n<li><a href='?page_no=6492'>6492<\/a><\/li>\n\n\n\n<li><a>...<\/a><\/li>\n\n\n\n<li><a href='?page_no=36999'>36999<\/a><\/li>\n\n\n\n<li><a href='?page_no=37000'>37000<\/a><\/li>\n\n    \n\t\n\n<li >\n\t<a href='?page_no=6491'>Next<\/a>\n\t<\/li>\n\n\n    \n\n<li><a href='?page_no=37000'>Last &rsaquo;&rsaquo;<\/a><\/li>\n\n<\/ul>\n\n\n--><br \/>\n<\/body><\/p>\n","protected":false},"excerpt":{"rendered":"<p>SANTO DOMINGO, RD, 3 de marzo de 2018.- La Direcci\u00f3n Pol\u00edtica del Proyecto \u00abLeonel Fern\u00e1ndez Presidente 2020\u00bb en la circunscripci\u00f3n n\u00famero 2 del Distrito Nacional realiz\u00f3 una asamblea de dirigentes este viernes en el Club Los Cachorros del sector de Cristo Rey, con la presencia de los miembros del Comit\u00e9 Pol\u00edtico Radham\u00e9s Jim\u00e9nez y Bautista [&hellip;]<\/p>\n","protected":false},"author":3,"featured_media":0,"comment_status":"open","ping_status":"open","sticky":false,"template":"","format":"standard","meta":{"footnotes":""},"categories":[22],"tags":[],"class_list":["post-171156","post","type-post","status-publish","format-standard","hentry","category-politica"],"_links":{"self":[{"href":"https:\/\/diariodominicano.com\/index.php?rest_route=\/wp\/v2\/posts\/171156","targetHints":{"allow":["GET"]}}],"collection":[{"href":"https:\/\/diariodominicano.com\/index.php?rest_route=\/wp\/v2\/posts"}],"about":[{"href":"https:\/\/diariodominicano.com\/index.php?rest_route=\/wp\/v2\/types\/post"}],"author":[{"embeddable":true,"href":"https:\/\/diariodominicano.com\/index.php?rest_route=\/wp\/v2\/users\/3"}],"replies":[{"embeddable":true,"href":"https:\/\/diariodominicano.com\/index.php?rest_route=%2Fwp%2Fv2%2Fcomments&post=171156"}],"version-history":[{"count":0,"href":"https:\/\/diariodominicano.com\/index.php?rest_route=\/wp\/v2\/posts\/171156\/revisions"}],"wp:attachment":[{"href":"https:\/\/diariodominicano.com\/index.php?rest_route=%2Fwp%2Fv2%2Fmedia&parent=171156"}],"wp:term":[{"taxonomy":"category","embeddable":true,"href":"https:\/\/diariodominicano.com\/index.php?rest_route=%2Fwp%2Fv2%2Fcategories&post=171156"},{"taxonomy":"post_tag","embeddable":true,"href":"https:\/\/diariodominicano.com\/index.php?rest_route=%2Fwp%2Fv2%2Ftags&post=171156"}],"curies":[{"name":"wp","href":"https:\/\/api.w.org\/{rel}","templated":true}]}}