{"id":171154,"date":"2018-03-04T07:05:58","date_gmt":"2018-03-04T07:05:58","guid":{"rendered":"http:\/\/diariodominicano.ddns.net\/?p=171154"},"modified":"2018-03-04T07:05:58","modified_gmt":"2018-03-04T07:05:58","slug":"proxima-sesion-anual-de-apn-se-inaugurara-el-lunes","status":"publish","type":"post","link":"https:\/\/diariodominicano.com\/?p=171154","title":{"rendered":"Pr\u00f3xima sesi\u00f3n anual de APN se inaugurar\u00e1 el lunes&#13;"},"content":{"rendered":"<p><body><\/p>\n<p><img decoding=\"async\" src=\"img3\/137015041_15201476944601n.jpg\" \/>  <\/p>\n<p><strong>(Xinhua\/Jin Liwang)<\/strong><\/p>\n<\/p>\n<p><strong>BEIJING, 4 mar (Xinhua) &#8212; <\/strong>La primera sesi\u00f3n de la XIII Asamblea Popular Nacional (APN), \u00f3rgano legislativo nacional de China, se iniciar\u00e1 ma\u00f1ana lunes y durar\u00e1 15 d\u00edas y medio, inform\u00f3 hoy domingo un portavoz.<\/p>\n<\/p>\n<p>Adem\u00e1s de revisar informes, incluido el que trata sobre la labor del gobierno, los diputados de la APN deliberar\u00e1n sobre un borrador de revisi\u00f3n de la Constituci\u00f3n de China, un proyecto de ley de supervisi\u00f3n y un plan de reforma de las instituciones del Consejo de Estado, el gabinete chino, indic\u00f3 Zhang Yesui, vocero de la primera sesi\u00f3n de la XIII APN, en una rueda de prensa celebrada en Beijing.<\/p>\n<\/p>\n<p>Los representantes tambi\u00e9n elegir\u00e1n y decidir\u00e1n los miembros de los \u00f3rganos estatales, agreg\u00f3 Zhang.<\/p>\n<\/p>\n<p>La sesi\u00f3n concluir\u00e1 la ma\u00f1ana del 20 de marzo.<\/p>\n<h6> 2018-03-04 07:05:58 <\/h6>\n<p><!--\n<link rel=\"stylesheet\" href=\"css\/bootstrap.min.css\">\n\n\n<ul class=\"pagination\">\n\t    \n\t\n\n<li >\n\t<a href='?page_no=6488'>Previous<\/a>\n\t<\/li>\n\n\n       \n    \n\n<li><a href='?page_no=1'>1<\/a><\/li>\n\n\n\n<li><a href='?page_no=2'>2<\/a><\/li>\n\n\n\n<li><a>...<\/a><\/li>\n\n\n\n<li><a href='?page_no=6487'>6487<\/a><\/li>\n\n\n\n<li><a href='?page_no=6488'>6488<\/a><\/li>\n\n\n\n<li class='active'><a>6489<\/a><\/li>\n\n\n\n<li><a href='?page_no=6490'>6490<\/a><\/li>\n\n\n\n<li><a href='?page_no=6491'>6491<\/a><\/li>\n\n\n\n<li><a>...<\/a><\/li>\n\n\n\n<li><a href='?page_no=36999'>36999<\/a><\/li>\n\n\n\n<li><a href='?page_no=37000'>37000<\/a><\/li>\n\n    \n\t\n\n<li >\n\t<a href='?page_no=6490'>Next<\/a>\n\t<\/li>\n\n\n    \n\n<li><a href='?page_no=37000'>Last &rsaquo;&rsaquo;<\/a><\/li>\n\n<\/ul>\n\n\n--><br \/>\n<\/body><\/p>\n","protected":false},"excerpt":{"rendered":"<p>(Xinhua\/Jin Liwang) BEIJING, 4 mar (Xinhua) &#8212; La primera sesi\u00f3n de la XIII Asamblea Popular Nacional (APN), \u00f3rgano legislativo nacional de China, se iniciar\u00e1 ma\u00f1ana lunes y durar\u00e1 15 d\u00edas y medio, inform\u00f3 hoy domingo un portavoz. Adem\u00e1s de revisar informes, incluido el que trata sobre la labor del gobierno, los diputados de la APN [&hellip;]<\/p>\n","protected":false},"author":3,"featured_media":0,"comment_status":"open","ping_status":"open","sticky":false,"template":"","format":"standard","meta":{"footnotes":""},"categories":[22],"tags":[],"class_list":["post-171154","post","type-post","status-publish","format-standard","hentry","category-politica"],"_links":{"self":[{"href":"https:\/\/diariodominicano.com\/index.php?rest_route=\/wp\/v2\/posts\/171154","targetHints":{"allow":["GET"]}}],"collection":[{"href":"https:\/\/diariodominicano.com\/index.php?rest_route=\/wp\/v2\/posts"}],"about":[{"href":"https:\/\/diariodominicano.com\/index.php?rest_route=\/wp\/v2\/types\/post"}],"author":[{"embeddable":true,"href":"https:\/\/diariodominicano.com\/index.php?rest_route=\/wp\/v2\/users\/3"}],"replies":[{"embeddable":true,"href":"https:\/\/diariodominicano.com\/index.php?rest_route=%2Fwp%2Fv2%2Fcomments&post=171154"}],"version-history":[{"count":0,"href":"https:\/\/diariodominicano.com\/index.php?rest_route=\/wp\/v2\/posts\/171154\/revisions"}],"wp:attachment":[{"href":"https:\/\/diariodominicano.com\/index.php?rest_route=%2Fwp%2Fv2%2Fmedia&parent=171154"}],"wp:term":[{"taxonomy":"category","embeddable":true,"href":"https:\/\/diariodominicano.com\/index.php?rest_route=%2Fwp%2Fv2%2Fcategories&post=171154"},{"taxonomy":"post_tag","embeddable":true,"href":"https:\/\/diariodominicano.com\/index.php?rest_route=%2Fwp%2Fv2%2Ftags&post=171154"}],"curies":[{"name":"wp","href":"https:\/\/api.w.org\/{rel}","templated":true}]}}