{"id":171153,"date":"2018-03-04T13:20:37","date_gmt":"2018-03-04T13:20:37","guid":{"rendered":"http:\/\/diariodominicano.ddns.net\/?p=171153"},"modified":"2018-03-04T13:20:37","modified_gmt":"2018-03-04T13:20:37","slug":"el-prsd-conmemorara-el-nacimiento-de-pena-gomez-con-concentracion-en-el-puente-de-la-17","status":"publish","type":"post","link":"https:\/\/diariodominicano.com\/?p=171153","title":{"rendered":"El PRSD conmemorar\u00e1 el nacimiento de Pe\u00f1a G\u00f3mez con concentraci\u00f3n en el puente de la 17"},"content":{"rendered":"<p><body><\/p>\n<p><img decoding=\"async\" src=\"img3\/penago.jpg\" \/>  <\/p>\n<p><strong>SANTO DOMINGO, RD, 4 de noviembre de 2019.-<\/strong> El Partido Revolucionario Social Dem\u00f3crata (PRSD) anunci\u00f3 este domingo que  conmemorar\u00e1 el nacimiento del doctor Jos\u00e9 Francisco Pe\u00f1a G\u00f3mez con una concentraci\u00f3n en la cabeza del puente Francisco del Rosario S\u00e1nchez, en la avenida Padre Castellanos, antigua 17, el pr\u00f3ximo martes, 6 del mes de marzo en curso.<\/p>\n<\/p>\n<p>La actividad tendr\u00e1  lugar a partir de las 4:00 de la tarde y servir\u00e1 para conmemorar los 13 a\u00f1os del nacimiento del PRSD.<\/p>\n<\/p>\n<p>La organizaci\u00f3n defini\u00f3 a Pe\u00f1a G\u00f3mez como el m\u00e1s grande l\u00edder de masas que ha dado la Rep\u00fablica Dominicana y uno de los m\u00e1s importantes de Am\u00e9rica Latina.<\/p>\n<\/p>\n<p>Pe\u00f1a G\u00f3mez naci\u00f3 el 6 de marzo de 1937, en Mao, Rep\u00fablica Dominicana.<\/p>\n<\/p>\n<p>Son famosas las grandes concentraciones de masas celebradas por Pe\u00f1a G\u00f3mez en la cabeza del puente de la 17, donde fue construida una plaza que lleva su nombre, refiri\u00f3 el PRSD.<\/p>\n<\/p>\n<h6> 2018-03-04 13:20:37 <\/h6>\n<p><!--\n<link rel=\"stylesheet\" href=\"css\/bootstrap.min.css\">\n\n\n<ul class=\"pagination\">\n\t    \n\t\n\n<li >\n\t<a href='?page_no=6487'>Previous<\/a>\n\t<\/li>\n\n\n       \n    \n\n<li><a href='?page_no=1'>1<\/a><\/li>\n\n\n\n<li><a href='?page_no=2'>2<\/a><\/li>\n\n\n\n<li><a>...<\/a><\/li>\n\n\n\n<li><a href='?page_no=6486'>6486<\/a><\/li>\n\n\n\n<li><a href='?page_no=6487'>6487<\/a><\/li>\n\n\n\n<li class='active'><a>6488<\/a><\/li>\n\n\n\n<li><a href='?page_no=6489'>6489<\/a><\/li>\n\n\n\n<li><a href='?page_no=6490'>6490<\/a><\/li>\n\n\n\n<li><a>...<\/a><\/li>\n\n\n\n<li><a href='?page_no=36999'>36999<\/a><\/li>\n\n\n\n<li><a href='?page_no=37000'>37000<\/a><\/li>\n\n    \n\t\n\n<li >\n\t<a href='?page_no=6489'>Next<\/a>\n\t<\/li>\n\n\n    \n\n<li><a href='?page_no=37000'>Last &rsaquo;&rsaquo;<\/a><\/li>\n\n<\/ul>\n\n\n--><br \/>\n<\/body><\/p>\n","protected":false},"excerpt":{"rendered":"<p>SANTO DOMINGO, RD, 4 de noviembre de 2019.- El Partido Revolucionario Social Dem\u00f3crata (PRSD) anunci\u00f3 este domingo que conmemorar\u00e1 el nacimiento del doctor Jos\u00e9 Francisco Pe\u00f1a G\u00f3mez con una concentraci\u00f3n en la cabeza del puente Francisco del Rosario S\u00e1nchez, en la avenida Padre Castellanos, antigua 17, el pr\u00f3ximo martes, 6 del mes de marzo en [&hellip;]<\/p>\n","protected":false},"author":3,"featured_media":0,"comment_status":"open","ping_status":"open","sticky":false,"template":"","format":"standard","meta":{"footnotes":""},"categories":[22],"tags":[],"class_list":["post-171153","post","type-post","status-publish","format-standard","hentry","category-politica"],"_links":{"self":[{"href":"https:\/\/diariodominicano.com\/index.php?rest_route=\/wp\/v2\/posts\/171153","targetHints":{"allow":["GET"]}}],"collection":[{"href":"https:\/\/diariodominicano.com\/index.php?rest_route=\/wp\/v2\/posts"}],"about":[{"href":"https:\/\/diariodominicano.com\/index.php?rest_route=\/wp\/v2\/types\/post"}],"author":[{"embeddable":true,"href":"https:\/\/diariodominicano.com\/index.php?rest_route=\/wp\/v2\/users\/3"}],"replies":[{"embeddable":true,"href":"https:\/\/diariodominicano.com\/index.php?rest_route=%2Fwp%2Fv2%2Fcomments&post=171153"}],"version-history":[{"count":0,"href":"https:\/\/diariodominicano.com\/index.php?rest_route=\/wp\/v2\/posts\/171153\/revisions"}],"wp:attachment":[{"href":"https:\/\/diariodominicano.com\/index.php?rest_route=%2Fwp%2Fv2%2Fmedia&parent=171153"}],"wp:term":[{"taxonomy":"category","embeddable":true,"href":"https:\/\/diariodominicano.com\/index.php?rest_route=%2Fwp%2Fv2%2Fcategories&post=171153"},{"taxonomy":"post_tag","embeddable":true,"href":"https:\/\/diariodominicano.com\/index.php?rest_route=%2Fwp%2Fv2%2Ftags&post=171153"}],"curies":[{"name":"wp","href":"https:\/\/api.w.org\/{rel}","templated":true}]}}