{"id":171152,"date":"2018-03-04T20:53:35","date_gmt":"2018-03-04T20:53:35","guid":{"rendered":"http:\/\/diariodominicano.ddns.net\/?p=171152"},"modified":"2018-03-04T20:53:35","modified_gmt":"2018-03-04T20:53:35","slug":"hipolito-mejia-abinader-y-candidatos-del-prm-encabezaran-actos-en-honor-a-pena-gomez","status":"publish","type":"post","link":"https:\/\/diariodominicano.com\/?p=171152","title":{"rendered":"Hip\u00f3lito Mej\u00eda, Abinader y candidatos del PRM encabezar\u00e1n actos en honor a Pe\u00f1a G\u00f3mez"},"content":{"rendered":"<p><body><\/p>\n<p><img decoding=\"async\" src=\"img3\/penago.jpg\" \/>  <\/p>\n<p><strong><span class=\"text1noticias\">SANTO DOMINGO, RD, 4 de marzo de 2018.-<\/span><\/strong><span class=\"text1noticias\"> Los l\u00edderes del Partido Revolucionario Moderno (PRM) Hip\u00f3lito Mej\u00eda y Luis Abinader, los candidatos a la presidencia y Secretar\u00eda General, entre otros altos dirigentes encabezar\u00e1n este martes 6 de marzo, los actos de Conmoraci\u00f3n del 81 aniversario del nacimiento del doctor Jos\u00e9 Francisco Pe\u00f1a G\u00f3mez.<\/span><\/p>\n<\/p>\n<p><span class=\"text1noticias\"> <\/span><\/p>\n<\/p>\n<p><span class=\"text1noticias\">El programa de la conmemoraci\u00f3n inicia a las 8:00 de la ma\u00f1ana del martes, con la instalaci\u00f3n de una guardia de Honor en el cementerio Cristo Redentor, donde reposan los restos del l\u00edder internacional de la socialdemocracia, inform\u00f3 la Direcci\u00f3n de Comunicaciones del PRM.<\/span><\/p>\n<\/p>\n<p><span class=\"text1noticias\"> <\/span><\/p>\n<\/p>\n<p><span class=\"text1noticias\">A las 9:00 de la ma\u00f1ana se celebrar\u00e1 un acto de exaltaci\u00f3n los valores y atributos pol\u00edticos y humanos del extinto l\u00edder, fallecido el 10 de mayo de 1998, d\u00f3nde hablar\u00e1n personalidades del PRM y amigos del doctor Pe\u00f1a G\u00f3mez.<\/span><\/p>\n<\/p>\n<p><span class=\"text1noticias\"> <\/span><\/p>\n<\/p>\n<p><span class=\"text1noticias\">A las 3:00 de la tarde, en el instituto, doctor Jos\u00e9 Francisco Pe\u00f1a G\u00f3mez, en la avenida Bol\u00edvar 199, se pondr\u00e1 en circulaci\u00f3n un libro, contentivo de algunas entrevistas realizadas en vida del destacado pol\u00edtico dominicano y las 5:00, tambi\u00e9n en el mismo escenario, se desarrollar\u00e1 un conversatorio y declamar\u00e1n poes\u00edas alusivas a la vida del extinto l\u00edder.  <\/span><\/p>\n<\/p>\n<\/p>\n<\/p>\n<\/p>\n<h6> 2018-03-04 20:53:35 <\/h6>\n<p><!--\n<link rel=\"stylesheet\" href=\"css\/bootstrap.min.css\">\n\n\n<ul class=\"pagination\">\n\t    \n\t\n\n<li >\n\t<a href='?page_no=6486'>Previous<\/a>\n\t<\/li>\n\n\n       \n    \n\n<li><a href='?page_no=1'>1<\/a><\/li>\n\n\n\n<li><a href='?page_no=2'>2<\/a><\/li>\n\n\n\n<li><a>...<\/a><\/li>\n\n\n\n<li><a href='?page_no=6485'>6485<\/a><\/li>\n\n\n\n<li><a href='?page_no=6486'>6486<\/a><\/li>\n\n\n\n<li class='active'><a>6487<\/a><\/li>\n\n\n\n<li><a href='?page_no=6488'>6488<\/a><\/li>\n\n\n\n<li><a href='?page_no=6489'>6489<\/a><\/li>\n\n\n\n<li><a>...<\/a><\/li>\n\n\n\n<li><a href='?page_no=36999'>36999<\/a><\/li>\n\n\n\n<li><a href='?page_no=37000'>37000<\/a><\/li>\n\n    \n\t\n\n<li >\n\t<a href='?page_no=6488'>Next<\/a>\n\t<\/li>\n\n\n    \n\n<li><a href='?page_no=37000'>Last &rsaquo;&rsaquo;<\/a><\/li>\n\n<\/ul>\n\n\n--><br \/>\n<\/body><\/p>\n","protected":false},"excerpt":{"rendered":"<p>SANTO DOMINGO, RD, 4 de marzo de 2018.- Los l\u00edderes del Partido Revolucionario Moderno (PRM) Hip\u00f3lito Mej\u00eda y Luis Abinader, los candidatos a la presidencia y Secretar\u00eda General, entre otros altos dirigentes encabezar\u00e1n este martes 6 de marzo, los actos de Conmoraci\u00f3n del 81 aniversario del nacimiento del doctor Jos\u00e9 Francisco Pe\u00f1a G\u00f3mez. El programa [&hellip;]<\/p>\n","protected":false},"author":3,"featured_media":0,"comment_status":"open","ping_status":"open","sticky":false,"template":"","format":"standard","meta":{"footnotes":""},"categories":[22],"tags":[],"class_list":["post-171152","post","type-post","status-publish","format-standard","hentry","category-politica"],"_links":{"self":[{"href":"https:\/\/diariodominicano.com\/index.php?rest_route=\/wp\/v2\/posts\/171152","targetHints":{"allow":["GET"]}}],"collection":[{"href":"https:\/\/diariodominicano.com\/index.php?rest_route=\/wp\/v2\/posts"}],"about":[{"href":"https:\/\/diariodominicano.com\/index.php?rest_route=\/wp\/v2\/types\/post"}],"author":[{"embeddable":true,"href":"https:\/\/diariodominicano.com\/index.php?rest_route=\/wp\/v2\/users\/3"}],"replies":[{"embeddable":true,"href":"https:\/\/diariodominicano.com\/index.php?rest_route=%2Fwp%2Fv2%2Fcomments&post=171152"}],"version-history":[{"count":0,"href":"https:\/\/diariodominicano.com\/index.php?rest_route=\/wp\/v2\/posts\/171152\/revisions"}],"wp:attachment":[{"href":"https:\/\/diariodominicano.com\/index.php?rest_route=%2Fwp%2Fv2%2Fmedia&parent=171152"}],"wp:term":[{"taxonomy":"category","embeddable":true,"href":"https:\/\/diariodominicano.com\/index.php?rest_route=%2Fwp%2Fv2%2Fcategories&post=171152"},{"taxonomy":"post_tag","embeddable":true,"href":"https:\/\/diariodominicano.com\/index.php?rest_route=%2Fwp%2Fv2%2Ftags&post=171152"}],"curies":[{"name":"wp","href":"https:\/\/api.w.org\/{rel}","templated":true}]}}