{"id":171151,"date":"2018-03-05T10:58:12","date_gmt":"2018-03-05T10:58:12","guid":{"rendered":"http:\/\/diariodominicano.ddns.net\/?p=171151"},"modified":"2018-03-05T10:58:12","modified_gmt":"2018-03-05T10:58:12","slug":"carlos-pena-cree-necesario-obligar-a-que-empleados-publicos-pasen-al-senasa","status":"publish","type":"post","link":"https:\/\/diariodominicano.com\/?p=171151","title":{"rendered":"Carlos Pe\u00f1a cree necesario obligar a que empleados p\u00fablicos pasen al Senasa"},"content":{"rendered":"<p><body><\/p>\n<p><img decoding=\"async\" src=\"img3\/cpena.jpg\" \/>  <\/p>\n<p>La Romana.- El aspirante a la Presidencia de la Rep\u00fablica Carlos Pe\u00f1a salud\u00f3 la decisi\u00f3n del Tribunal Constitucional que declar\u00f3 inadmisible un recurso de amparo interpuesto por las aseguradoras de riesgos de salud (ARS) privadas para impedir que todos los empleados p\u00fablicos sean afiliados al estatal Seguro Nacional de Salud (Senasa). <\/p>\n<\/p>\n<p>Pe\u00f1a, miembro del Comit\u00e9 Central del oficialista Partido de la Liberaci\u00f3n Dominicana  (PLD), expres\u00f3 que esa decisi\u00f3n autoriza que se cumpla el mandato de la ley 87-01 que crea el Sistema Dominicano de Seguridad Social, la cual algunos funcionarios han violentado al contratar ARS privadas para empleados p\u00fablicos. <\/p>\n<\/p>\n<p>En un encuentro con comunitarios de la comunidad Caleta, de esta provincia, explic\u00f3 que  instituciones p\u00fablicas como el Congreso Nacional, el Poder Judicial, el Banco Central y otras utilizan ARS privadas para sus empleados, en violaci\u00f3n a la ley. <\/p>\n<\/p>\n<p>\u00ab\u00bfCu\u00e1les razones puede tener un ministro, un director general, para que los empleados del Estado que ellos dirigen est\u00e9n afiliados en una ARS privada, cuando la ley dice que deben estar en la ARS del Estado?\u00bb, cuestion\u00f3 Carlos Pe\u00f1a. <\/p>\n<\/p>\n<p>El exdiputado y presidente de la corriente de pensamiento Generaci\u00f3n de Servidores, con la que recorre el pa\u00eds promoviendo su visi\u00f3n de naci\u00f3n, dijo que si todos los trabajadores del Estado estuvieran cubierto bajo el Senasa, ese dinero podr\u00eda utilizarse para afiliar a muchos otros dominicanos al r\u00e9gimen subsidiado de la aseguradora p\u00fablico. <\/p>\n<\/p>\n<p>\u00abNo es que no hay dinero, es que no hay voluntad pol\u00edtica. Yo hubiera obligado a todos los funcionarios, a todos los poderes del Estado, de manera forzada, a que est\u00e9n afiliados a la ARS del Estado\u00bb, expres\u00f3 Pe\u00f1a. <\/p>\n<\/p>\n<p>Reiter\u00f3 que el modelo pol\u00edtico en pr\u00e1ctica en la Rep\u00fablica Dominicana ha permitido que los grandes empresarios privados se beneficien mayoritariamente de las riquezas del pa\u00eds y dejan al sector p\u00fablico con lo menos significante, en perjuicio de la ciudadan\u00eda. <\/p>\n<\/p>\n<p>\u00abPor eso nosotros hablamos de romper con el Antiguo R\u00e9gimen, porque sin romper con el Antiguo R\u00e9gimen aqui habra problemas nacionales que no se van a resolver.\u00bb, argument\u00f3 Carlos Pe\u00f1a.<\/p>\n<\/p>\n<p>Afirm\u00f3 que seguir\u00e1 enfrentando a las ARS privadas y a todo \u00abel cartel de la seguridad social\u00bb, aunque para ello deba enfrentar incluso a miembros de su partido que son propietarios de empresas de ese tipo y que mantienen gran inter\u00e9s en proveer sus servicios a los empleados del Gobierno para lucrarse.   <\/p>\n<h6> 2018-03-05 10:58:12 <\/h6>\n<p><!--\n<link rel=\"stylesheet\" href=\"css\/bootstrap.min.css\">\n\n\n<ul class=\"pagination\">\n\t    \n\t\n\n<li >\n\t<a href='?page_no=6485'>Previous<\/a>\n\t<\/li>\n\n\n       \n    \n\n<li><a href='?page_no=1'>1<\/a><\/li>\n\n\n\n<li><a href='?page_no=2'>2<\/a><\/li>\n\n\n\n<li><a>...<\/a><\/li>\n\n\n\n<li><a href='?page_no=6484'>6484<\/a><\/li>\n\n\n\n<li><a href='?page_no=6485'>6485<\/a><\/li>\n\n\n\n<li class='active'><a>6486<\/a><\/li>\n\n\n\n<li><a href='?page_no=6487'>6487<\/a><\/li>\n\n\n\n<li><a href='?page_no=6488'>6488<\/a><\/li>\n\n\n\n<li><a>...<\/a><\/li>\n\n\n\n<li><a href='?page_no=36999'>36999<\/a><\/li>\n\n\n\n<li><a href='?page_no=37000'>37000<\/a><\/li>\n\n    \n\t\n\n<li >\n\t<a href='?page_no=6487'>Next<\/a>\n\t<\/li>\n\n\n    \n\n<li><a href='?page_no=37000'>Last &rsaquo;&rsaquo;<\/a><\/li>\n\n<\/ul>\n\n\n--><br \/>\n<\/body><\/p>\n","protected":false},"excerpt":{"rendered":"<p>La Romana.- El aspirante a la Presidencia de la Rep\u00fablica Carlos Pe\u00f1a salud\u00f3 la decisi\u00f3n del Tribunal Constitucional que declar\u00f3 inadmisible un recurso de amparo interpuesto por las aseguradoras de riesgos de salud (ARS) privadas para impedir que todos los empleados p\u00fablicos sean afiliados al estatal Seguro Nacional de Salud (Senasa). Pe\u00f1a, miembro del Comit\u00e9 [&hellip;]<\/p>\n","protected":false},"author":3,"featured_media":0,"comment_status":"open","ping_status":"open","sticky":false,"template":"","format":"standard","meta":{"footnotes":""},"categories":[22],"tags":[],"class_list":["post-171151","post","type-post","status-publish","format-standard","hentry","category-politica"],"_links":{"self":[{"href":"https:\/\/diariodominicano.com\/index.php?rest_route=\/wp\/v2\/posts\/171151","targetHints":{"allow":["GET"]}}],"collection":[{"href":"https:\/\/diariodominicano.com\/index.php?rest_route=\/wp\/v2\/posts"}],"about":[{"href":"https:\/\/diariodominicano.com\/index.php?rest_route=\/wp\/v2\/types\/post"}],"author":[{"embeddable":true,"href":"https:\/\/diariodominicano.com\/index.php?rest_route=\/wp\/v2\/users\/3"}],"replies":[{"embeddable":true,"href":"https:\/\/diariodominicano.com\/index.php?rest_route=%2Fwp%2Fv2%2Fcomments&post=171151"}],"version-history":[{"count":0,"href":"https:\/\/diariodominicano.com\/index.php?rest_route=\/wp\/v2\/posts\/171151\/revisions"}],"wp:attachment":[{"href":"https:\/\/diariodominicano.com\/index.php?rest_route=%2Fwp%2Fv2%2Fmedia&parent=171151"}],"wp:term":[{"taxonomy":"category","embeddable":true,"href":"https:\/\/diariodominicano.com\/index.php?rest_route=%2Fwp%2Fv2%2Fcategories&post=171151"},{"taxonomy":"post_tag","embeddable":true,"href":"https:\/\/diariodominicano.com\/index.php?rest_route=%2Fwp%2Fv2%2Ftags&post=171151"}],"curies":[{"name":"wp","href":"https:\/\/api.w.org\/{rel}","templated":true}]}}