{"id":171150,"date":"2018-03-05T11:06:58","date_gmt":"2018-03-05T11:06:58","guid":{"rendered":"http:\/\/diariodominicano.ddns.net\/?p=171150"},"modified":"2018-03-05T11:06:58","modified_gmt":"2018-03-05T11:06:58","slug":"tony-pena-guaba-advierte-funcionarios-del-prd-en-el-gobierno-deben-prepararse-para-renunciar","status":"publish","type":"post","link":"https:\/\/diariodominicano.com\/?p=171150","title":{"rendered":"Tony Pe\u00f1a Guaba advierte funcionarios del PRD en el gobierno deben prepararse para renunciar"},"content":{"rendered":"<p><body><\/p>\n<p><img decoding=\"async\" src=\"img3\/renuncia1.jpg\" \/>  <\/p>\n<p>El secretario general del PRD, Tony Pe\u00f1a Guaba advirti\u00f3 a los dirigentes de su partido que ocupan cargos en el gobierno, que si finalmente esa organizaci\u00f3n pol\u00edtica decide trillar su propio camino de cara al 2020, deben prepararse para renunciar de sus cargos en el gobierno.<\/p>\n<\/p>\n<p>Afirm\u00f3 que desde la fundaci\u00f3n de esa organizaci\u00f3n pol\u00edtica, m\u00e1s el legado dejado por su padre el doctor Jos\u00e9 Francisco Pe\u00f1a G\u00f3mez, el PRD no naci\u00f3 para ser segundo de nadie, sino el principal partido de la Rep\u00fablica Dominicana.<\/p>\n<\/p>\n<p>\u00a8La renuncia de los funcionarios tiene que ser una cuesti\u00f3n inmediata, porque si el PRD en el a\u00f1o 2019, despu\u00e9s de organizarse si es que va solo, es obligatorio que lo que est\u00e1n deben renunciar del gobierno??, asegur\u00f3 Pe\u00f1a Guaba, al ser entrevistado por Elvis Lima en el programa Fuera de Record del canal 45.<\/p>\n<\/p>\n<p>Dijo que desde el punto de vista organizativo,  ya la secretar\u00eda de organizaci\u00f3n que preside Fiquito V\u00e1squez est\u00e1 arduamente trabajando en todo el pa\u00eds para cumplir con la meta trazada.<\/p>\n<\/p>\n<p>??Ya yo entregue las cartas de la conversi\u00f3n en Santo Domingo Este, lo mismo estamos haciendo en la provincia Santo Domingo, tambi\u00e9n ya fuimos a Santiago para iniciar ese proceso de reorganizaci\u00f3n??, asegur\u00f3 Pe\u00f1a Guaba.<\/p>\n<\/p>\n<p>Por otra parte, el dirigente perredeista consider\u00f3 que si el PRD saca sus m\u00fasculos, desde de una buena organizaci\u00f3n habr\u00e1 una segunda vuelta electoral en las elecciones del 2020.<\/p>\n<h6> 2018-03-05 11:06:58 <\/h6>\n<p><!--\n<link rel=\"stylesheet\" href=\"css\/bootstrap.min.css\">\n\n\n<ul class=\"pagination\">\n\t    \n\t\n\n<li >\n\t<a href='?page_no=6484'>Previous<\/a>\n\t<\/li>\n\n\n       \n    \n\n<li><a href='?page_no=1'>1<\/a><\/li>\n\n\n\n<li><a href='?page_no=2'>2<\/a><\/li>\n\n\n\n<li><a>...<\/a><\/li>\n\n\n\n<li><a href='?page_no=6483'>6483<\/a><\/li>\n\n\n\n<li><a href='?page_no=6484'>6484<\/a><\/li>\n\n\n\n<li class='active'><a>6485<\/a><\/li>\n\n\n\n<li><a href='?page_no=6486'>6486<\/a><\/li>\n\n\n\n<li><a href='?page_no=6487'>6487<\/a><\/li>\n\n\n\n<li><a>...<\/a><\/li>\n\n\n\n<li><a href='?page_no=36999'>36999<\/a><\/li>\n\n\n\n<li><a href='?page_no=37000'>37000<\/a><\/li>\n\n    \n\t\n\n<li >\n\t<a href='?page_no=6486'>Next<\/a>\n\t<\/li>\n\n\n    \n\n<li><a href='?page_no=37000'>Last &rsaquo;&rsaquo;<\/a><\/li>\n\n<\/ul>\n\n\n--><br \/>\n<\/body><\/p>\n","protected":false},"excerpt":{"rendered":"<p>El secretario general del PRD, Tony Pe\u00f1a Guaba advirti\u00f3 a los dirigentes de su partido que ocupan cargos en el gobierno, que si finalmente esa organizaci\u00f3n pol\u00edtica decide trillar su propio camino de cara al 2020, deben prepararse para renunciar de sus cargos en el gobierno. Afirm\u00f3 que desde la fundaci\u00f3n de esa organizaci\u00f3n pol\u00edtica, [&hellip;]<\/p>\n","protected":false},"author":3,"featured_media":0,"comment_status":"open","ping_status":"open","sticky":false,"template":"","format":"standard","meta":{"footnotes":""},"categories":[22],"tags":[],"class_list":["post-171150","post","type-post","status-publish","format-standard","hentry","category-politica"],"_links":{"self":[{"href":"https:\/\/diariodominicano.com\/index.php?rest_route=\/wp\/v2\/posts\/171150","targetHints":{"allow":["GET"]}}],"collection":[{"href":"https:\/\/diariodominicano.com\/index.php?rest_route=\/wp\/v2\/posts"}],"about":[{"href":"https:\/\/diariodominicano.com\/index.php?rest_route=\/wp\/v2\/types\/post"}],"author":[{"embeddable":true,"href":"https:\/\/diariodominicano.com\/index.php?rest_route=\/wp\/v2\/users\/3"}],"replies":[{"embeddable":true,"href":"https:\/\/diariodominicano.com\/index.php?rest_route=%2Fwp%2Fv2%2Fcomments&post=171150"}],"version-history":[{"count":0,"href":"https:\/\/diariodominicano.com\/index.php?rest_route=\/wp\/v2\/posts\/171150\/revisions"}],"wp:attachment":[{"href":"https:\/\/diariodominicano.com\/index.php?rest_route=%2Fwp%2Fv2%2Fmedia&parent=171150"}],"wp:term":[{"taxonomy":"category","embeddable":true,"href":"https:\/\/diariodominicano.com\/index.php?rest_route=%2Fwp%2Fv2%2Fcategories&post=171150"},{"taxonomy":"post_tag","embeddable":true,"href":"https:\/\/diariodominicano.com\/index.php?rest_route=%2Fwp%2Fv2%2Ftags&post=171150"}],"curies":[{"name":"wp","href":"https:\/\/api.w.org\/{rel}","templated":true}]}}