{"id":171149,"date":"2018-03-05T11:28:10","date_gmt":"2018-03-05T11:28:10","guid":{"rendered":"http:\/\/diariodominicano.ddns.net\/?p=171149"},"modified":"2018-03-05T11:28:10","modified_gmt":"2018-03-05T11:28:10","slug":"dirigente-perredeista-destaca-fortaleza-del-prd-en-distrito-municipal-la-canela","status":"publish","type":"post","link":"https:\/\/diariodominicano.com\/?p=171149","title":{"rendered":"Dirigente Perredeista Destaca Fortaleza del PRD en Distrito Municipal La Canela"},"content":{"rendered":"<p><body><\/p>\n<p><img decoding=\"async\" src=\"img3\/canela1.jpg\" \/>  <\/p>\n<p>La Canela, Santiago.- El dirigente Perredeista Francisco Liz pondero la fortaleza del Partido Revolucionario Dominicano en el Distrito Municipal de La Canela y vaticino que esa organizaci\u00f3n pol\u00edtica obtendr\u00e1 el triunfo holgadamente en los comicios a celebrarse en el a\u00f1o 2020.<\/p>\n<\/p>\n<p>Liz, mejor conocido como Eumil , aseguro que el plan de relanzamiento institucional del partido blanco, basado en la adecuaci\u00f3n electoral y la formaci\u00f3n de  las estructuras bases en los recintos y colegios electorales aseguran un airoso papel en la pr\u00f3xima contienda electoral.<\/p>\n<\/p>\n<p>El Ing. Miguel Vargas Maldonado es un experimentado capit\u00e1n que estamos seguro conducir\u00e1 nuestro partido hacia el anhelado triunfo en las venideras elecciones generales.<\/p>\n<\/p>\n<p>Al preguntarle sobre sus aspiraciones con miras al con miras al 2020, Eumil se limito a se\u00f1alar que en la actualidad esta enmarcado en un laborantismo institucional de fortalecimiento del PRD y agrego que seria extempor\u00e1neo activar en torno a candidaturas en la actualidad.<\/p>\n<\/p>\n<p>Eumil , no obstante reconoci\u00f3 que diversos sectores a lo interno del PRD , a lo externo de esa organizaci\u00f3n pol\u00edtica promueven su precandidatura a director del Distrito Municipal de La Canela, pero aseguro que a su momento tomar\u00eda una decisi\u00f3n al respecto.      <\/p>\n<h6> 2018-03-05 11:28:10 <\/h6>\n<p><!--\n<link rel=\"stylesheet\" href=\"css\/bootstrap.min.css\">\n\n\n<ul class=\"pagination\">\n\t    \n\t\n\n<li >\n\t<a href='?page_no=6483'>Previous<\/a>\n\t<\/li>\n\n\n       \n    \n\n<li><a href='?page_no=1'>1<\/a><\/li>\n\n\n\n<li><a href='?page_no=2'>2<\/a><\/li>\n\n\n\n<li><a>...<\/a><\/li>\n\n\n\n<li><a href='?page_no=6482'>6482<\/a><\/li>\n\n\n\n<li><a href='?page_no=6483'>6483<\/a><\/li>\n\n\n\n<li class='active'><a>6484<\/a><\/li>\n\n\n\n<li><a href='?page_no=6485'>6485<\/a><\/li>\n\n\n\n<li><a href='?page_no=6486'>6486<\/a><\/li>\n\n\n\n<li><a>...<\/a><\/li>\n\n\n\n<li><a href='?page_no=36999'>36999<\/a><\/li>\n\n\n\n<li><a href='?page_no=37000'>37000<\/a><\/li>\n\n    \n\t\n\n<li >\n\t<a href='?page_no=6485'>Next<\/a>\n\t<\/li>\n\n\n    \n\n<li><a href='?page_no=37000'>Last &rsaquo;&rsaquo;<\/a><\/li>\n\n<\/ul>\n\n\n--><br \/>\n<\/body><\/p>\n","protected":false},"excerpt":{"rendered":"<p>La Canela, Santiago.- El dirigente Perredeista Francisco Liz pondero la fortaleza del Partido Revolucionario Dominicano en el Distrito Municipal de La Canela y vaticino que esa organizaci\u00f3n pol\u00edtica obtendr\u00e1 el triunfo holgadamente en los comicios a celebrarse en el a\u00f1o 2020. Liz, mejor conocido como Eumil , aseguro que el plan de relanzamiento institucional del [&hellip;]<\/p>\n","protected":false},"author":3,"featured_media":0,"comment_status":"open","ping_status":"open","sticky":false,"template":"","format":"standard","meta":{"footnotes":""},"categories":[22],"tags":[],"class_list":["post-171149","post","type-post","status-publish","format-standard","hentry","category-politica"],"_links":{"self":[{"href":"https:\/\/diariodominicano.com\/index.php?rest_route=\/wp\/v2\/posts\/171149","targetHints":{"allow":["GET"]}}],"collection":[{"href":"https:\/\/diariodominicano.com\/index.php?rest_route=\/wp\/v2\/posts"}],"about":[{"href":"https:\/\/diariodominicano.com\/index.php?rest_route=\/wp\/v2\/types\/post"}],"author":[{"embeddable":true,"href":"https:\/\/diariodominicano.com\/index.php?rest_route=\/wp\/v2\/users\/3"}],"replies":[{"embeddable":true,"href":"https:\/\/diariodominicano.com\/index.php?rest_route=%2Fwp%2Fv2%2Fcomments&post=171149"}],"version-history":[{"count":0,"href":"https:\/\/diariodominicano.com\/index.php?rest_route=\/wp\/v2\/posts\/171149\/revisions"}],"wp:attachment":[{"href":"https:\/\/diariodominicano.com\/index.php?rest_route=%2Fwp%2Fv2%2Fmedia&parent=171149"}],"wp:term":[{"taxonomy":"category","embeddable":true,"href":"https:\/\/diariodominicano.com\/index.php?rest_route=%2Fwp%2Fv2%2Fcategories&post=171149"},{"taxonomy":"post_tag","embeddable":true,"href":"https:\/\/diariodominicano.com\/index.php?rest_route=%2Fwp%2Fv2%2Ftags&post=171149"}],"curies":[{"name":"wp","href":"https:\/\/api.w.org\/{rel}","templated":true}]}}