{"id":171147,"date":"2018-03-05T11:34:10","date_gmt":"2018-03-05T11:34:10","guid":{"rendered":"http:\/\/diariodominicano.ddns.net\/?p=171147"},"modified":"2018-03-05T11:34:10","modified_gmt":"2018-03-05T11:34:10","slug":"elecciones-en-italia-reflejan-diferencias-entre-el-norte-y-el-sur","status":"publish","type":"post","link":"https:\/\/diariodominicano.com\/?p=171147","title":{"rendered":"Elecciones en Italia reflejan diferencias entre el norte y el sur"},"content":{"rendered":"<p><body><\/p>\n<p><img decoding=\"async\" src=\"img3\/italia5marzo.jpg\" \/>  <\/p>\n<p><span class=\"text1noticias\">Roma, 5 mar (PL) Los resultados preliminares de las reci\u00e9n efectuadas elecciones legislativas en Italia reflejan hoy las diferencias entre el norte rico y productivo, frente al sur m\u00e1s pobre y socialmente excluido.<\/span><\/p>\n<p><span class=\"text1noticias\"> <\/span><\/p>\n<p><span class=\"text1noticias\">Como &#8216;cuesti\u00f3n meridional&#8217; fue acu\u00f1ado en 1873 el t\u00e9rmino para describir las desigualdades en los niveles de desarrollo y distribuci\u00f3n de la riqueza entre los dos extremos geogr\u00e1ficos de la pen\u00ednsula it\u00e1lica.<\/span><\/p>\n<p><span class=\"text1noticias\"> <\/span><\/p>\n<p><span class=\"text1noticias\">Aunque una parte de la historiograf\u00eda ubica el origen de esas inequidades en el per\u00edodo anterior al proceso de unidad nacional, otra la considera resultado de pol\u00edticas de desarrollo en contextos hist\u00f3ricos, geogr\u00e1ficos y culturales sustancialmente diferentes, los cuales tienen en la ciudad de Roma el punto central de referencia.<\/span><\/p>\n<p><span class=\"text1noticias\"> <\/span><\/p>\n<p><span class=\"text1noticias\">Cualesquiera sean las causas, lo cierto es que los desniveles existen y en 2015 el ingreso per c\u00e1pita en el norte era de 32 mil 889 euros comparado con 17 mil 984 en el sur, donde el 46,7 por ciento de la poblaci\u00f3n se encontraba en el umbral de pobreza y exclusi\u00f3n social, comparado con 17,4 en los territorios septentrionales.<\/span><\/p>\n<p><span class=\"text1noticias\"> <\/span><\/p>\n<p><span class=\"text1noticias\">Las desigualdades se reflejan tambi\u00e9n en el desempleo, especialmente entre los j\u00f3venes de 15 a 64 a\u00f1os, el cual, seg\u00fan Eurostat, alcanz\u00f3 en 2016 el 58,7 por ciento en Calabria, 57,2 en Sicilia y 56,3 en Cerde\u00f1a, cuando la media nacional era del 40 por ciento.<\/span><\/p>\n<p><span class=\"text1noticias\"> <\/span><\/p>\n<p><span class=\"text1noticias\">En un plano general, el promedio de desocupaci\u00f3n en las regiones meridionales casi duplica el \u00edndice nacional, el cual oscila alrededor de 11 por ciento, con situaciones extremas como las de Calabria, con 23,2; Sicilia, 22,2; Campania, 20,4; Apulia, 19,4; y Cerde\u00f1a, 17,4.<\/span><\/p>\n<p><span class=\"text1noticias\"> <\/span><\/p>\n<p><span class=\"text1noticias\">En ese contexto, en el cual la pol\u00edtica tradicional se mostr\u00f3 incapaz de resolver esos problemas, irrumpi\u00f3 como un hurac\u00e1n el Movimiento 5 Estrellas en estos comicios legislativos, en los cuales triunf\u00f3 en casi todos los territorios ubicados al sur de Roma, e incluso m\u00e1s al norte a lo largo de la costa adri\u00e1tica, de acuerdo con estimados prelimi<\/span>nares.<\/p>\n<h6> 2018-03-05 11:34:10 <\/h6>\n<p><!--\n<link rel=\"stylesheet\" href=\"css\/bootstrap.min.css\">\n\n\n<ul class=\"pagination\">\n\t    \n\t\n\n<li >\n\t<a href='?page_no=6481'>Previous<\/a>\n\t<\/li>\n\n\n       \n    \n\n<li><a href='?page_no=1'>1<\/a><\/li>\n\n\n\n<li><a href='?page_no=2'>2<\/a><\/li>\n\n\n\n<li><a>...<\/a><\/li>\n\n\n\n<li><a href='?page_no=6480'>6480<\/a><\/li>\n\n\n\n<li><a href='?page_no=6481'>6481<\/a><\/li>\n\n\n\n<li class='active'><a>6482<\/a><\/li>\n\n\n\n<li><a href='?page_no=6483'>6483<\/a><\/li>\n\n\n\n<li><a href='?page_no=6484'>6484<\/a><\/li>\n\n\n\n<li><a>...<\/a><\/li>\n\n\n\n<li><a href='?page_no=36999'>36999<\/a><\/li>\n\n\n\n<li><a href='?page_no=37000'>37000<\/a><\/li>\n\n    \n\t\n\n<li >\n\t<a href='?page_no=6483'>Next<\/a>\n\t<\/li>\n\n\n    \n\n<li><a href='?page_no=37000'>Last &rsaquo;&rsaquo;<\/a><\/li>\n\n<\/ul>\n\n\n--><br \/>\n<\/body><\/p>\n","protected":false},"excerpt":{"rendered":"<p>Roma, 5 mar (PL) Los resultados preliminares de las reci\u00e9n efectuadas elecciones legislativas en Italia reflejan hoy las diferencias entre el norte rico y productivo, frente al sur m\u00e1s pobre y socialmente excluido. Como &#8216;cuesti\u00f3n meridional&#8217; fue acu\u00f1ado en 1873 el t\u00e9rmino para describir las desigualdades en los niveles de desarrollo y distribuci\u00f3n de la [&hellip;]<\/p>\n","protected":false},"author":3,"featured_media":0,"comment_status":"open","ping_status":"open","sticky":false,"template":"","format":"standard","meta":{"footnotes":""},"categories":[22],"tags":[],"class_list":["post-171147","post","type-post","status-publish","format-standard","hentry","category-politica"],"_links":{"self":[{"href":"https:\/\/diariodominicano.com\/index.php?rest_route=\/wp\/v2\/posts\/171147","targetHints":{"allow":["GET"]}}],"collection":[{"href":"https:\/\/diariodominicano.com\/index.php?rest_route=\/wp\/v2\/posts"}],"about":[{"href":"https:\/\/diariodominicano.com\/index.php?rest_route=\/wp\/v2\/types\/post"}],"author":[{"embeddable":true,"href":"https:\/\/diariodominicano.com\/index.php?rest_route=\/wp\/v2\/users\/3"}],"replies":[{"embeddable":true,"href":"https:\/\/diariodominicano.com\/index.php?rest_route=%2Fwp%2Fv2%2Fcomments&post=171147"}],"version-history":[{"count":0,"href":"https:\/\/diariodominicano.com\/index.php?rest_route=\/wp\/v2\/posts\/171147\/revisions"}],"wp:attachment":[{"href":"https:\/\/diariodominicano.com\/index.php?rest_route=%2Fwp%2Fv2%2Fmedia&parent=171147"}],"wp:term":[{"taxonomy":"category","embeddable":true,"href":"https:\/\/diariodominicano.com\/index.php?rest_route=%2Fwp%2Fv2%2Fcategories&post=171147"},{"taxonomy":"post_tag","embeddable":true,"href":"https:\/\/diariodominicano.com\/index.php?rest_route=%2Fwp%2Fv2%2Ftags&post=171147"}],"curies":[{"name":"wp","href":"https:\/\/api.w.org\/{rel}","templated":true}]}}