{"id":171146,"date":"2018-03-05T11:41:48","date_gmt":"2018-03-05T11:41:48","guid":{"rendered":"http:\/\/diariodominicano.ddns.net\/?p=171146"},"modified":"2018-03-05T11:41:48","modified_gmt":"2018-03-05T11:41:48","slug":"falpo-se-desliga-de-convocatoria-a-paro-para-este-martes-y-miercoles","status":"publish","type":"post","link":"https:\/\/diariodominicano.com\/?p=171146","title":{"rendered":"FALPO se desliga de convocatoria a paro para este martes y mi\u00e9rcoles"},"content":{"rendered":"<p><body><\/p>\n<p><img decoding=\"async\" src=\"img3\/falpos.jpg\" \/>  <\/p>\n<p>CANCA LA REINA, Prov. Espaillat.-El Frente Amplio de Lucha Popular (FALPO) marc\u00f3 distancia del llamado a paralizaci\u00f3n general de actividades hecho para este martes 6 y mi\u00e9rcoles 7 por organizaciones de esta zona, que corresponde a la parte baja de la provincia Espaillat.<\/p>\n<\/p>\n<p>La organizaci\u00f3n de lucha popular, de gran influencia en estas y otras comunidades perif\u00e9ricas donde tiene un historial de lucha de varias d\u00e9cadas, dijo que aunque apoya los reclamos de los convocantes no comparte el llamado en esta oportunidad.<\/p>\n<p>La paralizaci\u00f3n a la que se convoca es para reclamar rehabilitaci\u00f3n de carreteras y caminos vecinales, suministro de energ\u00eda el\u00e9ctrica 24 horas y eficientizacion del servicio de agua potable, entre otras reivindicaciones.<\/p>\n<\/p>\n<p>El FALPO sostiene que todas estas demandas son totalmente justas ya que las autoridades de la provincia y del gobierno central se han olvidado pr\u00e1cticamente de los residentes en estas demarcaciones rurales y semi-rurales.<\/p>\n<\/p>\n<p>\u00abDurante d\u00e9cadas hemos estado al lado de los moradores acompa\u00f1\u00e1ndolos en estos reclamos\u00bb, dice la entidad en una declaraci\u00f3n escrita en la que establece, sin embargo, que hay grupos que se han adelantado en esta oportunidad ya que las condiciones objetivas y subjetivas no estan dadas para una paralizaci\u00f3n.<\/p>\n<\/p>\n<p>EL FALPO precisa que no reh\u00faye ni rehuir\u00e1 nunca del compromiso que tiene con los pobladores de las comunidades del pa\u00eds donde hagan falta calles y caminos en buenas condiciones y donde haya otros problemas que resolver.<\/p>\n<\/p>\n<p>Pero establece que una paralizaci\u00f3n no puede hacerse unilateralmente sino que tiene que ser fruto de un consenso entre los movimientos y los grupos que inciden en esas demarcaciones.<\/p>\n<p>En estos momentos, determino el FALPO, no se ha realizado la coordinaci\u00f3n y el trabajo necesario para que un movimiento pueda tener garantizado el \u00e9xito por lo que opto por alejarse de la convocatoria para este martes y mi\u00e9rcoles.<\/p>\n<\/p>\n<p>Se define como una organizaci\u00f3n de lucha popular \u00abque act\u00faa de cara al pueblo\u00bb y que rechaza cualquier tipo de acci\u00f3n vand\u00e1lica. El respaldo del pueblo a la protesta debe de ser consciente y no utilizando el recurso de la fuerza.<\/p>\n<\/p>\n<p>Se lamenta el FALPO que, en esta oportunidad, no haya sido posible articular las diferentes fuerzas populares y sociales colmo se ha hecho en otras ocasiones en el pasado para reclamar la soluci\u00f3n de los problemas en forma conjunta ya que en la uni\u00f3n esta la fuerza.<\/p>\n<\/p>\n<p>De todas formas deseo suerte a los grupos que llaman a paralizar por 48 horas este martes 6 y mi\u00e9rcoles 7 las actividades en Canca la Reina y Licey al Medio, pero lamento que se hayan precipitado tomando un camino equivocado que m\u00e1s puede llevar al fracaso que al \u00e9xito.<\/p>\n<\/p>\n<p>Al final, el FALPO formul\u00f3 un llamado a las autoridades para que acudan en auxilio de las comunidades de esta zona que viven sumidos en la miseria y el abandono por la falta de atenciones en todos los aspectos.<\/p>\n<h6> 2018-03-05 11:41:48 <\/h6>\n<p><!--\n<link rel=\"stylesheet\" href=\"css\/bootstrap.min.css\">\n\n\n<ul class=\"pagination\">\n\t    \n\t\n\n<li >\n\t<a href='?page_no=6480'>Previous<\/a>\n\t<\/li>\n\n\n       \n    \n\n<li><a href='?page_no=1'>1<\/a><\/li>\n\n\n\n<li><a href='?page_no=2'>2<\/a><\/li>\n\n\n\n<li><a>...<\/a><\/li>\n\n\n\n<li><a href='?page_no=6479'>6479<\/a><\/li>\n\n\n\n<li><a href='?page_no=6480'>6480<\/a><\/li>\n\n\n\n<li class='active'><a>6481<\/a><\/li>\n\n\n\n<li><a href='?page_no=6482'>6482<\/a><\/li>\n\n\n\n<li><a href='?page_no=6483'>6483<\/a><\/li>\n\n\n\n<li><a>...<\/a><\/li>\n\n\n\n<li><a href='?page_no=36999'>36999<\/a><\/li>\n\n\n\n<li><a href='?page_no=37000'>37000<\/a><\/li>\n\n    \n\t\n\n<li >\n\t<a href='?page_no=6482'>Next<\/a>\n\t<\/li>\n\n\n    \n\n<li><a href='?page_no=37000'>Last &rsaquo;&rsaquo;<\/a><\/li>\n\n<\/ul>\n\n\n--><br \/>\n<\/body><\/p>\n","protected":false},"excerpt":{"rendered":"<p>CANCA LA REINA, Prov. Espaillat.-El Frente Amplio de Lucha Popular (FALPO) marc\u00f3 distancia del llamado a paralizaci\u00f3n general de actividades hecho para este martes 6 y mi\u00e9rcoles 7 por organizaciones de esta zona, que corresponde a la parte baja de la provincia Espaillat. La organizaci\u00f3n de lucha popular, de gran influencia en estas y otras [&hellip;]<\/p>\n","protected":false},"author":3,"featured_media":0,"comment_status":"open","ping_status":"open","sticky":false,"template":"","format":"standard","meta":{"footnotes":""},"categories":[22],"tags":[],"class_list":["post-171146","post","type-post","status-publish","format-standard","hentry","category-politica"],"_links":{"self":[{"href":"https:\/\/diariodominicano.com\/index.php?rest_route=\/wp\/v2\/posts\/171146","targetHints":{"allow":["GET"]}}],"collection":[{"href":"https:\/\/diariodominicano.com\/index.php?rest_route=\/wp\/v2\/posts"}],"about":[{"href":"https:\/\/diariodominicano.com\/index.php?rest_route=\/wp\/v2\/types\/post"}],"author":[{"embeddable":true,"href":"https:\/\/diariodominicano.com\/index.php?rest_route=\/wp\/v2\/users\/3"}],"replies":[{"embeddable":true,"href":"https:\/\/diariodominicano.com\/index.php?rest_route=%2Fwp%2Fv2%2Fcomments&post=171146"}],"version-history":[{"count":0,"href":"https:\/\/diariodominicano.com\/index.php?rest_route=\/wp\/v2\/posts\/171146\/revisions"}],"wp:attachment":[{"href":"https:\/\/diariodominicano.com\/index.php?rest_route=%2Fwp%2Fv2%2Fmedia&parent=171146"}],"wp:term":[{"taxonomy":"category","embeddable":true,"href":"https:\/\/diariodominicano.com\/index.php?rest_route=%2Fwp%2Fv2%2Fcategories&post=171146"},{"taxonomy":"post_tag","embeddable":true,"href":"https:\/\/diariodominicano.com\/index.php?rest_route=%2Fwp%2Fv2%2Ftags&post=171146"}],"curies":[{"name":"wp","href":"https:\/\/api.w.org\/{rel}","templated":true}]}}