{"id":171145,"date":"2018-03-05T12:41:23","date_gmt":"2018-03-05T12:41:23","guid":{"rendered":"http:\/\/diariodominicano.ddns.net\/?p=171145"},"modified":"2018-03-05T12:41:23","modified_gmt":"2018-03-05T12:41:23","slug":"luis-de-leon-reitera-llamado-a-la-prudencia-a-miembros-y-dirigentes-del-pld","status":"publish","type":"post","link":"https:\/\/diariodominicano.com\/?p=171145","title":{"rendered":"Luis de Le\u00f3n reitera llamado a la prudencia a miembros y dirigentes del PLD"},"content":{"rendered":"<p><body><\/p>\n<p><img decoding=\"async\" src=\"img3\/dleo.jpg\" \/>  <\/p>\n<p>Luis de Le\u00f3n, miembro del Comit\u00e9 Central del Partido de la Liberaci\u00f3n Dominicana, exhort\u00f3 a las dirigencia y militancia pelede\u00edsta  a evitar confrontaciones internas en raz\u00f3n de que entiende,    es el plan de la oposici\u00f3n  pol\u00edtica y sectores de la sociedad civil que busca dividir la organizaci\u00f3n.<\/p>\n<\/p>\n<p>De Le\u00f3n, coordinado general del movimiento de respaldo al PLD,  Fuerza Boschista, hizo un llamado vehemente a quienes promueven candidaturas a lo interno del Partido a que sean prudentes y respetuosos de las normas partidarias,  as\u00ed como de sus dos grandes liderazgos, representados en el Presidente  Danilo Medina y Leonel Fern\u00e1ndez, presidente del Partido.<\/p>\n<\/p>\n<p>\u00abLa coyuntura pol\u00edtica nacional e internacional aconseja actuar con inteligencia y prudencia pol\u00edtica\u00bb, enfatiz\u00f3 el dirigente pol\u00edtico y educador en Rueda de Prensa efectuada este d\u00eda en la Casa Nacional del PLD despachada en un reporte de prensa.<\/p>\n<\/p>\n<p>Manifest\u00f3 que la dirigencia nacional del Partido de la Liberaci\u00f3n Dominicana debe cuidarse de coincidir con los prop\u00f3sitos de la injerencia extranjera, la oposici\u00f3n pol\u00edtica y la sociedad civil, quienes pretenden dividir al partido confront\u00e1ndolo y tratando le llevarlo a la derrota electoral en el 2020.<\/p>\n<\/p>\n<p>\u00abLa Fuerza Boschista,  en el marco de la semana aniversario del natalicio del pr\u00f3cer Francisco del Rosario S\u00e1nchez, hace un llamado patri\u00f3tico a los Comit\u00e9s Pol\u00edtico y Central a respetar y valorar la obra del profesor Juan Bosch: el PLD\u00bb, expresa.<\/p>\n<\/p>\n<p>Indica que el PLD en la presente coyuntura pol\u00edtica nacional e internacional necesita fortalecer su unidad partidaria, condici\u00f3n fundamental para garantizar la victoria en las elecciones del 2020.<\/p>\n<h6> 2018-03-05 12:41:23 <\/h6>\n<p><!--\n<link rel=\"stylesheet\" href=\"css\/bootstrap.min.css\">\n\n\n<ul class=\"pagination\">\n\t    \n\t\n\n<li >\n\t<a href='?page_no=6479'>Previous<\/a>\n\t<\/li>\n\n\n       \n    \n\n<li><a href='?page_no=1'>1<\/a><\/li>\n\n\n\n<li><a href='?page_no=2'>2<\/a><\/li>\n\n\n\n<li><a>...<\/a><\/li>\n\n\n\n<li><a href='?page_no=6478'>6478<\/a><\/li>\n\n\n\n<li><a href='?page_no=6479'>6479<\/a><\/li>\n\n\n\n<li class='active'><a>6480<\/a><\/li>\n\n\n\n<li><a href='?page_no=6481'>6481<\/a><\/li>\n\n\n\n<li><a href='?page_no=6482'>6482<\/a><\/li>\n\n\n\n<li><a>...<\/a><\/li>\n\n\n\n<li><a href='?page_no=36999'>36999<\/a><\/li>\n\n\n\n<li><a href='?page_no=37000'>37000<\/a><\/li>\n\n    \n\t\n\n<li >\n\t<a href='?page_no=6481'>Next<\/a>\n\t<\/li>\n\n\n    \n\n<li><a href='?page_no=37000'>Last &rsaquo;&rsaquo;<\/a><\/li>\n\n<\/ul>\n\n\n--><br \/>\n<\/body><\/p>\n","protected":false},"excerpt":{"rendered":"<p>Luis de Le\u00f3n, miembro del Comit\u00e9 Central del Partido de la Liberaci\u00f3n Dominicana, exhort\u00f3 a las dirigencia y militancia pelede\u00edsta a evitar confrontaciones internas en raz\u00f3n de que entiende, es el plan de la oposici\u00f3n pol\u00edtica y sectores de la sociedad civil que busca dividir la organizaci\u00f3n. De Le\u00f3n, coordinado general del movimiento de respaldo [&hellip;]<\/p>\n","protected":false},"author":3,"featured_media":0,"comment_status":"open","ping_status":"open","sticky":false,"template":"","format":"standard","meta":{"footnotes":""},"categories":[22],"tags":[],"class_list":["post-171145","post","type-post","status-publish","format-standard","hentry","category-politica"],"_links":{"self":[{"href":"https:\/\/diariodominicano.com\/index.php?rest_route=\/wp\/v2\/posts\/171145","targetHints":{"allow":["GET"]}}],"collection":[{"href":"https:\/\/diariodominicano.com\/index.php?rest_route=\/wp\/v2\/posts"}],"about":[{"href":"https:\/\/diariodominicano.com\/index.php?rest_route=\/wp\/v2\/types\/post"}],"author":[{"embeddable":true,"href":"https:\/\/diariodominicano.com\/index.php?rest_route=\/wp\/v2\/users\/3"}],"replies":[{"embeddable":true,"href":"https:\/\/diariodominicano.com\/index.php?rest_route=%2Fwp%2Fv2%2Fcomments&post=171145"}],"version-history":[{"count":0,"href":"https:\/\/diariodominicano.com\/index.php?rest_route=\/wp\/v2\/posts\/171145\/revisions"}],"wp:attachment":[{"href":"https:\/\/diariodominicano.com\/index.php?rest_route=%2Fwp%2Fv2%2Fmedia&parent=171145"}],"wp:term":[{"taxonomy":"category","embeddable":true,"href":"https:\/\/diariodominicano.com\/index.php?rest_route=%2Fwp%2Fv2%2Fcategories&post=171145"},{"taxonomy":"post_tag","embeddable":true,"href":"https:\/\/diariodominicano.com\/index.php?rest_route=%2Fwp%2Fv2%2Ftags&post=171145"}],"curies":[{"name":"wp","href":"https:\/\/api.w.org\/{rel}","templated":true}]}}