{"id":171143,"date":"2018-03-05T15:21:33","date_gmt":"2018-03-05T15:21:33","guid":{"rendered":"http:\/\/diariodominicano.ddns.net\/?p=171143"},"modified":"2018-03-05T15:21:33","modified_gmt":"2018-03-05T15:21:33","slug":"hipolito-mejia-aportes-del-doctor-pena-gomez-trascienden-el-paso-del-tiempo","status":"publish","type":"post","link":"https:\/\/diariodominicano.com\/?p=171143","title":{"rendered":"Hip\u00f3lito Mej\u00eda: Aportes del doctor Pe\u00f1a G\u00f3mez trascienden el paso del tiempo"},"content":{"rendered":"<p><body><\/p>\n<p><img decoding=\"async\" src=\"img3\/Pena_gomez.jpg\" \/>  <\/p>\n<p><strong> <\/strong><\/p>\n<p><strong><span class=\"text1noticias\">SANTO DOMINGO, RD, 5 de marzo de 2018.- <\/span><\/strong><span class=\"text1noticias\">El ex presidente de la Rep\u00fablica, Hip\u00f3lito Mej\u00eda, envi\u00f3 hoy un mensaje en recordaci\u00f3n del Doctor Jos\u00e9 Francisco Pe\u00f1a G\u00f3mez, en el cual afirma que los enormes aportes del l\u00edder perrede\u00edsta trascienden el paso del tiempo.<\/span><\/p>\n<\/p>\n<p><span class=\"text1noticias\">En su mensaje al pa\u00eds, con motivo de la conmemoraci\u00f3n este 6 de marzo, el 81 aniversario de natalicio de eximio l\u00edder, el ex mandatario manifiesta: \u00abAl celebrar hoy el nacimiento del Dr. Jos\u00e9 Francisco Pe\u00f1a G\u00f3mez, recordamos la vida de un hombre ejemplar\u00bb.<\/span><\/p>\n<\/p>\n<p><span class=\"text1noticias\">Consider\u00f3  \u00absus enormes aportes al pa\u00eds trascienden el paso del tiempo, su legado nos sirve de inspiraci\u00f3n para luchar por un mejor pa\u00eds:  solidario, incluyente, transparente y para todos.<\/span><\/p>\n<\/p>\n<p><strong><span class=\"text1noticias\">A continuaci\u00f3n Diariodominicano.com, reproduce el mensaje  de Hip\u00f3lito Mej\u00eda en recordaci\u00f3n del Doctor Jos\u00e9 Francisco Pe\u00f1a G\u00f3mez<\/span><\/strong><\/p>\n<\/p>\n<p><span class=\"text1noticias\">Al celebrar hoy el nacimiento del Dr. Jos\u00e9 Francisco Pe\u00f1a G\u00f3mez, recordamos la vida de un hombre ejemplar.<\/span><\/p>\n<\/p>\n<p><span class=\"text1noticias\">Sus enormes aportes al pa\u00eds trascienden el paso del tiempo.<\/span><\/p>\n<\/p>\n<p><span class=\"text1noticias\">Su legado nos sirve de inspiraci\u00f3n para luchar por un mejor pa\u00eds.<\/span><\/p>\n<\/p>\n<p><span class=\"text1noticias\">Un pa\u00eds solidario.<\/span><\/p>\n<\/p>\n<p><span class=\"text1noticias\">Un pa\u00eds incluyente.<\/span><\/p>\n<\/p>\n<p><span class=\"text1noticias\">Un pa\u00eds transparente.<\/span><\/p>\n<\/p>\n<p><span class=\"text1noticias\">Un pa\u00eds para todos.<\/span><\/p>\n<\/p>\n<p><span class=\"text1noticias\"> <\/span><\/p>\n<\/p>\n<p><span class=\"text1noticias\">Hip\u00f3lito Mej\u00eda<\/span><\/p>\n<\/p>\n<h6> 2018-03-05 15:21:33 <\/h6>\n<p><!--\n<link rel=\"stylesheet\" href=\"css\/bootstrap.min.css\">\n\n\n<ul class=\"pagination\">\n\t    \n\t\n\n<li >\n\t<a href='?page_no=6478'>Previous<\/a>\n\t<\/li>\n\n\n       \n    \n\n<li><a href='?page_no=1'>1<\/a><\/li>\n\n\n\n<li><a href='?page_no=2'>2<\/a><\/li>\n\n\n\n<li><a>...<\/a><\/li>\n\n\n\n<li><a href='?page_no=6477'>6477<\/a><\/li>\n\n\n\n<li><a href='?page_no=6478'>6478<\/a><\/li>\n\n\n\n<li class='active'><a>6479<\/a><\/li>\n\n\n\n<li><a href='?page_no=6480'>6480<\/a><\/li>\n\n\n\n<li><a href='?page_no=6481'>6481<\/a><\/li>\n\n\n\n<li><a>...<\/a><\/li>\n\n\n\n<li><a href='?page_no=36999'>36999<\/a><\/li>\n\n\n\n<li><a href='?page_no=37000'>37000<\/a><\/li>\n\n    \n\t\n\n<li >\n\t<a href='?page_no=6480'>Next<\/a>\n\t<\/li>\n\n\n    \n\n<li><a href='?page_no=37000'>Last &rsaquo;&rsaquo;<\/a><\/li>\n\n<\/ul>\n\n\n--><br \/>\n<\/body><\/p>\n","protected":false},"excerpt":{"rendered":"<p>SANTO DOMINGO, RD, 5 de marzo de 2018.- El ex presidente de la Rep\u00fablica, Hip\u00f3lito Mej\u00eda, envi\u00f3 hoy un mensaje en recordaci\u00f3n del Doctor Jos\u00e9 Francisco Pe\u00f1a G\u00f3mez, en el cual afirma que los enormes aportes del l\u00edder perrede\u00edsta trascienden el paso del tiempo. En su mensaje al pa\u00eds, con motivo de la conmemoraci\u00f3n este [&hellip;]<\/p>\n","protected":false},"author":3,"featured_media":0,"comment_status":"open","ping_status":"open","sticky":false,"template":"","format":"standard","meta":{"footnotes":""},"categories":[22],"tags":[],"class_list":["post-171143","post","type-post","status-publish","format-standard","hentry","category-politica"],"_links":{"self":[{"href":"https:\/\/diariodominicano.com\/index.php?rest_route=\/wp\/v2\/posts\/171143","targetHints":{"allow":["GET"]}}],"collection":[{"href":"https:\/\/diariodominicano.com\/index.php?rest_route=\/wp\/v2\/posts"}],"about":[{"href":"https:\/\/diariodominicano.com\/index.php?rest_route=\/wp\/v2\/types\/post"}],"author":[{"embeddable":true,"href":"https:\/\/diariodominicano.com\/index.php?rest_route=\/wp\/v2\/users\/3"}],"replies":[{"embeddable":true,"href":"https:\/\/diariodominicano.com\/index.php?rest_route=%2Fwp%2Fv2%2Fcomments&post=171143"}],"version-history":[{"count":0,"href":"https:\/\/diariodominicano.com\/index.php?rest_route=\/wp\/v2\/posts\/171143\/revisions"}],"wp:attachment":[{"href":"https:\/\/diariodominicano.com\/index.php?rest_route=%2Fwp%2Fv2%2Fmedia&parent=171143"}],"wp:term":[{"taxonomy":"category","embeddable":true,"href":"https:\/\/diariodominicano.com\/index.php?rest_route=%2Fwp%2Fv2%2Fcategories&post=171143"},{"taxonomy":"post_tag","embeddable":true,"href":"https:\/\/diariodominicano.com\/index.php?rest_route=%2Fwp%2Fv2%2Ftags&post=171143"}],"curies":[{"name":"wp","href":"https:\/\/api.w.org\/{rel}","templated":true}]}}