{"id":171142,"date":"2018-03-06T00:04:36","date_gmt":"2018-03-06T00:04:36","guid":{"rendered":"http:\/\/diariodominicano.ddns.net\/?p=171142"},"modified":"2018-03-06T00:04:36","modified_gmt":"2018-03-06T00:04:36","slug":"pld-juramenta-directiva-de-dignidad-juridica","status":"publish","type":"post","link":"https:\/\/diariodominicano.com\/?p=171142","title":{"rendered":"PLD juramenta directiva de Dignidad Jur\u00eddica&#13;"},"content":{"rendered":"<p><body><\/p>\n<p><img decoding=\"async\" src=\"img3\/_LRS4744 (1).JPG\" \/><br \/><img decoding=\"async\" src=\"img3\/_LRS4783.JPG\" \/><br \/><img decoding=\"async\" src=\"img3\/_LRS4775.JPG\" \/>  <\/p>\n<\/p>\n<p><strong> <\/strong><\/p>\n<p><strong>Senador Euclides S\u00e1nchez resalta triunfos pol\u00edticos <\/strong><\/p>\n<\/p>\n<p>S<strong>ANTO DOMINGO, RD, 5 de marzo de 2018.- <\/strong> El Senador Euclides S\u00e1nchez, Secretario de Asuntos Gremiales y Profesionales del Partido de la Liberaci\u00f3n (PLD), resalt\u00f3 los triunfos  pol\u00edticos  que han facilitado a esa organizaci\u00f3n las mujeres y hombres, profesionales del Derecho, miembros de la corriente gremial Dignidad Jur\u00eddica.<\/p>\n<\/p>\n<\/p>\n<p>S\u00e1nchez pronunci\u00f3 las palabras de clausura del acto de juramentaci\u00f3n de Diego Jos\u00e9 Garc\u00eda como presidente de Dignidad Jur\u00eddica y con \u00e9l a   la directiva nacional de esa corriente gremial, orientada por el PLD.<\/p>\n<\/p>\n<\/p>\n<p>Distingui\u00f3 la corriente gremial por su  fuerte vinculaci\u00f3n al ejercicio de la  pol\u00edtica por la proximidad  de la pol\u00edtica, que es una ciencia,  al derecho.<\/p>\n<\/p>\n<\/p>\n<p>\u00abHoy estamos consolidando esta corriente gremial con este acto solemne de juramentaci\u00f3n que valida la escogencia y marca el inicio de una ardua  agenda para que  desde los gobiernos del PLD se reconozca el trabajo de los abogados y abogadas\u00bb dijo Euclides S\u00e1nchez.      <\/p>\n<\/p>\n<\/p>\n<p>En ese orden ponder\u00f3 la agenda program\u00e1tica delineada por Diego Jos\u00e9 Garc\u00eda, juramentado Presidente de Dignidad Jur\u00eddica, quien le antecedi\u00f3 en el uso de la palabra en el acto realizado en el Gran Sal\u00f3n Bienvenido Sandoval de la Casa Nacional del PLD.<\/p>\n<\/p>\n<\/p>\n<p>La actividad se desarroll\u00f3 con unas palabras de motivaci\u00f3n a cargo de Miguel Sur\u00fan  Hern\u00e1ndez, presidente del Colegio de Abogados de Republica Dominicana (CARD), quien resalt\u00f3 la capacidad de trabajo del nuevo presidente de Dignidad Jur\u00eddica<\/p>\n<\/p>\n<\/p>\n<p>Emilio Florentino,  presidente de la Comisi\u00f3n Electoral designada por la Secretar\u00eda de Asuntos Gremiales y Profesionales ley\u00f3 el acta de elecci\u00f3n de Diego Jos\u00e9 Garc\u00eda y los integrantes de la directiva nacional, procediendo de inmediato a su juramentaci\u00f3n.<\/p>\n<\/p>\n<\/p>\n<p>Acto seguido Diego Garc\u00eda jurament\u00f3 los integrantes del equipo que junto a \u00e9l  forman la junta directiva.<\/p>\n<\/p>\n<\/p>\n<p>Al presentar su plataforma de trabajo se\u00f1al\u00f3 tres ejes tem\u00e1ticos en los que trabajar\u00e1:  la organizaci\u00f3n de la corriente a nivel nacional con estructuras municipales activas, la conformaci\u00f3n del Instituto de Formaci\u00f3n Jur\u00eddica para especializar a los abogados y abogadas del PLD y Dignidad Jur\u00eddica con el Pueblo el trabajo en las comunidades  y las responsabilidades partidarias.<\/p>\n<\/p>\n<\/p>\n<p>Al inicio y al final del acto, como las actividades del PLD se pronunci\u00f3 el lema: Servir al Partido para Servir al Pueblo.<\/p>\n<\/p>\n<h6> 2018-03-06 00:04:36 <\/h6>\n<p><!--\n<link rel=\"stylesheet\" href=\"css\/bootstrap.min.css\">\n\n\n<ul class=\"pagination\">\n\t    \n\t\n\n<li >\n\t<a href='?page_no=6477'>Previous<\/a>\n\t<\/li>\n\n\n       \n    \n\n<li><a href='?page_no=1'>1<\/a><\/li>\n\n\n\n<li><a href='?page_no=2'>2<\/a><\/li>\n\n\n\n<li><a>...<\/a><\/li>\n\n\n\n<li><a href='?page_no=6476'>6476<\/a><\/li>\n\n\n\n<li><a href='?page_no=6477'>6477<\/a><\/li>\n\n\n\n<li class='active'><a>6478<\/a><\/li>\n\n\n\n<li><a href='?page_no=6479'>6479<\/a><\/li>\n\n\n\n<li><a href='?page_no=6480'>6480<\/a><\/li>\n\n\n\n<li><a>...<\/a><\/li>\n\n\n\n<li><a href='?page_no=36999'>36999<\/a><\/li>\n\n\n\n<li><a href='?page_no=37000'>37000<\/a><\/li>\n\n    \n\t\n\n<li >\n\t<a href='?page_no=6479'>Next<\/a>\n\t<\/li>\n\n\n    \n\n<li><a href='?page_no=37000'>Last &rsaquo;&rsaquo;<\/a><\/li>\n\n<\/ul>\n\n\n--><br \/>\n<\/body><\/p>\n","protected":false},"excerpt":{"rendered":"<p>Senador Euclides S\u00e1nchez resalta triunfos pol\u00edticos SANTO DOMINGO, RD, 5 de marzo de 2018.- El Senador Euclides S\u00e1nchez, Secretario de Asuntos Gremiales y Profesionales del Partido de la Liberaci\u00f3n (PLD), resalt\u00f3 los triunfos pol\u00edticos que han facilitado a esa organizaci\u00f3n las mujeres y hombres, profesionales del Derecho, miembros de la corriente gremial Dignidad Jur\u00eddica. S\u00e1nchez [&hellip;]<\/p>\n","protected":false},"author":3,"featured_media":0,"comment_status":"open","ping_status":"open","sticky":false,"template":"","format":"standard","meta":{"footnotes":""},"categories":[22],"tags":[],"class_list":["post-171142","post","type-post","status-publish","format-standard","hentry","category-politica"],"_links":{"self":[{"href":"https:\/\/diariodominicano.com\/index.php?rest_route=\/wp\/v2\/posts\/171142","targetHints":{"allow":["GET"]}}],"collection":[{"href":"https:\/\/diariodominicano.com\/index.php?rest_route=\/wp\/v2\/posts"}],"about":[{"href":"https:\/\/diariodominicano.com\/index.php?rest_route=\/wp\/v2\/types\/post"}],"author":[{"embeddable":true,"href":"https:\/\/diariodominicano.com\/index.php?rest_route=\/wp\/v2\/users\/3"}],"replies":[{"embeddable":true,"href":"https:\/\/diariodominicano.com\/index.php?rest_route=%2Fwp%2Fv2%2Fcomments&post=171142"}],"version-history":[{"count":0,"href":"https:\/\/diariodominicano.com\/index.php?rest_route=\/wp\/v2\/posts\/171142\/revisions"}],"wp:attachment":[{"href":"https:\/\/diariodominicano.com\/index.php?rest_route=%2Fwp%2Fv2%2Fmedia&parent=171142"}],"wp:term":[{"taxonomy":"category","embeddable":true,"href":"https:\/\/diariodominicano.com\/index.php?rest_route=%2Fwp%2Fv2%2Fcategories&post=171142"},{"taxonomy":"post_tag","embeddable":true,"href":"https:\/\/diariodominicano.com\/index.php?rest_route=%2Fwp%2Fv2%2Ftags&post=171142"}],"curies":[{"name":"wp","href":"https:\/\/api.w.org\/{rel}","templated":true}]}}