{"id":171141,"date":"2018-03-06T00:24:19","date_gmt":"2018-03-06T00:24:19","guid":{"rendered":"http:\/\/diariodominicano.ddns.net\/?p=171141"},"modified":"2018-03-06T00:24:19","modified_gmt":"2018-03-06T00:24:19","slug":"jce-sostiene-reunion-con-representantes-del-conep-se-comprometen-a-apoyar-proyectos-de-partidos-y-de-regimen-electoral","status":"publish","type":"post","link":"https:\/\/diariodominicano.com\/?p=171141","title":{"rendered":"JCE sostiene reuni\u00f3n con representantes del  CONEP. Se comprometen a apoyar proyectos de partidos y de r\u00e9gimen electoral"},"content":{"rendered":"<p><body><\/p>\n<p><img decoding=\"async\" src=\"img3\/05-Mar-2018 005 (1).jpg\" \/><br \/><img decoding=\"async\" src=\"img3\/05-Mar-2018 016 (1).jpg\" \/>  <\/p>\n<p><strong><span class=\"text1noticias\">SANTO DOMINGO, RD, 5 de marzo de2018.- <\/span><\/strong><span class=\"text1noticias\"> El Presidente de la Junta Central Electoral (JCE), Magistrado Julio C\u00e9sar Casta\u00f1os Guzm\u00e1n, en compa\u00f1\u00eda de los Magistrados Roberto Salad\u00edn Selin y Rosario Graciano de los Santos, recibieron en la sede de la instituci\u00f3n a una comisi\u00f3n del Consejo Nacional de la Empresa Privada (CONEP), con la cual trataron la situaci\u00f3n de los proyectos de ley de partidos pol\u00edticos y de reforma al r\u00e9gimen electoral que reposan en el Congreso Nacional.  <\/span><\/p>\n<\/p>\n<p><span class=\"text1noticias\">La comisi\u00f3n del CONEP estuvo integrada por su presidente, el se\u00f1or Pedro Brache, as\u00ed como por los se\u00f1ores Campos de Moya, Primer Vicepresidente del CONEP, y C\u00e9sar Dargam, Vicepresidente Ejecutivo de CONEP, quienes reiteraron su apoyo a la JCE ante la reciente reintroducci\u00f3n de los proyectos indicados ante el Congreso Nacional.  <\/span><\/p>\n<\/p>\n<p><span class=\"text1noticias\">El Presidente del CONEP comparti\u00f3 algunos de los resultados del Foro Legislativo Empresarial realizado por esa entidad y en el que fueron identificados los proyectos de ley que, al entender del sector empresarial, deben tener prioridad en la reci\u00e9n iniciada legislatura.  En ese grupo de proyectos priorizados, resaltaron el caso de los proyectos de ley de partidos pol\u00edticos y de reforma al r\u00e9gimen electoral, respecto a los cuales insistieron en la importancia de su aprobaci\u00f3n.  <\/span><\/p>\n<\/p>\n<p><span class=\"text1noticias\">Igualmente, los dirigentes empresariales analizaron y discutieron con los miembros de la JCE los retos que implica la realizaci\u00f3n de procesos electorales separados en febrero y mayo de 2020, particularmente por el efecto de la implementaci\u00f3n del voto preferencial a nivel municipal.  <\/span><\/p>\n<\/p>\n<p><span class=\"text1noticias\">  En tal sentido, hicieron \u00e9nfasis en su preocupaci\u00f3n de que dichos procesos se realicen sin la aprobaci\u00f3n oportuna de los proyectos de ley se\u00f1alados, al resaltar el alto costo institucional que implicar\u00eda no contar con un marco legal adecuado en la presente legislatura.  <\/span><\/p>\n<\/p>\n<p><span class=\"text1noticias\">De su parte, Casta\u00f1os Guzm\u00e1n agradeci\u00f3 la visita de los representantes empresariales, a la vez que plante\u00f3 la importancia del involucramiento activo de las empresas y sus colaboradores en el proceso electoral del 2020, como un medio de aporte directo a la democracia nacional. <\/span><\/p>\n<\/p>\n<p><span class=\"text1noticias\"> El Presidente de la JCE invit\u00f3 al CONEP a motivar la participaci\u00f3n de los empresarios en el proceso de conformaci\u00f3n de los colegios electorales a nivel nacional.   <\/span><\/p>\n<\/p>\n<p><span class=\"text1noticias\">Las dos  entidades reafirmaron su compromiso y apoyo a la aprobaci\u00f3n de los proyectos de ley de partidos pol\u00edticos y de reforma al r\u00e9gimen electoral , as\u00ed como a desarrollar esfuerzos conjuntos para ese prop\u00f3sito.  <\/span><\/p>\n<\/p>\n<\/p>\n<\/p>\n<h6> 2018-03-06 00:24:19 <\/h6>\n<p><!--\n<link rel=\"stylesheet\" href=\"css\/bootstrap.min.css\">\n\n\n<ul class=\"pagination\">\n\t    \n\t\n\n<li >\n\t<a href='?page_no=6476'>Previous<\/a>\n\t<\/li>\n\n\n       \n    \n\n<li><a href='?page_no=1'>1<\/a><\/li>\n\n\n\n<li><a href='?page_no=2'>2<\/a><\/li>\n\n\n\n<li><a>...<\/a><\/li>\n\n\n\n<li><a href='?page_no=6475'>6475<\/a><\/li>\n\n\n\n<li><a href='?page_no=6476'>6476<\/a><\/li>\n\n\n\n<li class='active'><a>6477<\/a><\/li>\n\n\n\n<li><a href='?page_no=6478'>6478<\/a><\/li>\n\n\n\n<li><a href='?page_no=6479'>6479<\/a><\/li>\n\n\n\n<li><a>...<\/a><\/li>\n\n\n\n<li><a href='?page_no=36999'>36999<\/a><\/li>\n\n\n\n<li><a href='?page_no=37000'>37000<\/a><\/li>\n\n    \n\t\n\n<li >\n\t<a href='?page_no=6478'>Next<\/a>\n\t<\/li>\n\n\n    \n\n<li><a href='?page_no=37000'>Last &rsaquo;&rsaquo;<\/a><\/li>\n\n<\/ul>\n\n\n--><br \/>\n<\/body><\/p>\n","protected":false},"excerpt":{"rendered":"<p>SANTO DOMINGO, RD, 5 de marzo de2018.- El Presidente de la Junta Central Electoral (JCE), Magistrado Julio C\u00e9sar Casta\u00f1os Guzm\u00e1n, en compa\u00f1\u00eda de los Magistrados Roberto Salad\u00edn Selin y Rosario Graciano de los Santos, recibieron en la sede de la instituci\u00f3n a una comisi\u00f3n del Consejo Nacional de la Empresa Privada (CONEP), con la cual [&hellip;]<\/p>\n","protected":false},"author":3,"featured_media":0,"comment_status":"open","ping_status":"open","sticky":false,"template":"","format":"standard","meta":{"footnotes":""},"categories":[22],"tags":[],"class_list":["post-171141","post","type-post","status-publish","format-standard","hentry","category-politica"],"_links":{"self":[{"href":"https:\/\/diariodominicano.com\/index.php?rest_route=\/wp\/v2\/posts\/171141","targetHints":{"allow":["GET"]}}],"collection":[{"href":"https:\/\/diariodominicano.com\/index.php?rest_route=\/wp\/v2\/posts"}],"about":[{"href":"https:\/\/diariodominicano.com\/index.php?rest_route=\/wp\/v2\/types\/post"}],"author":[{"embeddable":true,"href":"https:\/\/diariodominicano.com\/index.php?rest_route=\/wp\/v2\/users\/3"}],"replies":[{"embeddable":true,"href":"https:\/\/diariodominicano.com\/index.php?rest_route=%2Fwp%2Fv2%2Fcomments&post=171141"}],"version-history":[{"count":0,"href":"https:\/\/diariodominicano.com\/index.php?rest_route=\/wp\/v2\/posts\/171141\/revisions"}],"wp:attachment":[{"href":"https:\/\/diariodominicano.com\/index.php?rest_route=%2Fwp%2Fv2%2Fmedia&parent=171141"}],"wp:term":[{"taxonomy":"category","embeddable":true,"href":"https:\/\/diariodominicano.com\/index.php?rest_route=%2Fwp%2Fv2%2Fcategories&post=171141"},{"taxonomy":"post_tag","embeddable":true,"href":"https:\/\/diariodominicano.com\/index.php?rest_route=%2Fwp%2Fv2%2Ftags&post=171141"}],"curies":[{"name":"wp","href":"https:\/\/api.w.org\/{rel}","templated":true}]}}