{"id":171140,"date":"2018-03-06T06:23:23","date_gmt":"2018-03-06T06:23:23","guid":{"rendered":"http:\/\/diariodominicano.ddns.net\/?p=171140"},"modified":"2018-03-06T06:23:23","modified_gmt":"2018-03-06T06:23:23","slug":"bis-sostiene-democracia-de-republica-dominicana-es-lider-en-paises-de-la-region","status":"publish","type":"post","link":"https:\/\/diariodominicano.com\/?p=171140","title":{"rendered":"BIS sostiene democracia de Rep\u00fablica Dominicana es l\u00edder en paises de la regi\u00f3n"},"content":{"rendered":"<p><body><\/p>\n<p><img decoding=\"async\" src=\"img3\/BIS6.JPG\" \/>  <\/p>\n<p> Santo Domingo, R. D., 6 de marzo, 2018.- E<span class=\"text1noticias\">l Bloque Institucional Social Dem\u00f3crata (BIS) en declaraciones de prensa de su Direcci\u00f3n de Comunicaciones, afirm\u00f3 hoy que el Presidente Danilo Medina se ha hecho merecedor de un sitial de honor en la historia nacional.<\/span><\/p>\n<p><span class=\"text1noticias\"> <\/span><\/p>\n<p><span class=\"text1noticias\">El Presidente Medina se ha entregado con verdadera pasi\u00f3n al desempe\u00f1o de su funci\u00f3n democr\u00e1tica, con virtudes que nadie puede ignorar, puesto que hace todos los d\u00edas lo que nunca se hab\u00eda hecho.<\/span><\/p>\n<p><span class=\"text1noticias\"> <\/span><\/p>\n<p><span class=\"text1noticias\">En efecto, hasta en las zonas m\u00e1s apartadas y remotas, todos los d\u00edas alguien puede saludar personalmente al Presidente de la Rep\u00fablica. Todos los d\u00edas, a cualquier rinc\u00f3n del pa\u00eds le llega una soluci\u00f3n oportuna a los m\u00e1s variados problemas nacionales.<\/span><\/p>\n<p><span class=\"text1noticias\"> <\/span><\/p>\n<p><span class=\"text1noticias\">Se trata de un Presidente entregado por completo a su pueblo, alguien que se puede ver y tocar, un ser de carne y hueso que aporta soluciones concretas para favorecer sin bander\u00edas pol\u00edticas a las personas, por lo que se ha ganado el respeto y el respaldo de las grandes mayor\u00edas nacionales.<\/span><\/p>\n<p><span class=\"text1noticias\"> <\/span><\/p>\n<p><span class=\"text1noticias\">En el orden pol\u00edtico, en el orden social y, de hecho, en cualquier aspecto de su magna obra de gobierno, el Presidente demuestra siempre una inclinaci\u00f3n natural hacia la defensa de los intereses de las clases desfavorecidas de nuestro pa\u00eds.<\/span><\/p>\n<p><span class=\"text1noticias\"> <\/span><\/p>\n<p><span class=\"text1noticias\">En la actualidad, sostiene el BIS, la Rep\u00fablica Dominicana se mantiene como uno de los pa\u00edses l\u00edderes en variados renglones financieros, econ\u00f3micos, pol\u00edticos y humanos.<\/span><\/p>\n<p><span class=\"text1noticias\"> <\/span><\/p>\n<p><span class=\"text1noticias\">Lo que se espera, seg\u00fan el BIS, es que el Presidente Medina impulse de tal manera el crecimiento nacional, que todos los sectores reciban el ben\u00e9fico influjo de su trabajo tit\u00e1nico, y que la formaci\u00f3n de una clase media pujante y variada, determine el crecimiento imparable del desarrollo nacional.<\/span><\/p>\n<p><span class=\"text1noticias\"> <\/span><\/p>\n<p><span class=\"text1noticias\">Es indudable que los m\u00e9ritos personales y administrativos que acumula el Presidente Medina son reconocidos por la mayor\u00eda del pueblo dominicano, que manifiesta optimismo y confianza en las ejecutorias de este Presidente verdaderamente hist\u00f3rico, entregado en cuerpo y alma a la defensa de la soberan\u00eda y consagrado al servicio de<\/span>l pueblo.<\/p>\n<h6> 2018-03-06 06:23:23 <\/h6>\n<p><!--\n<link rel=\"stylesheet\" href=\"css\/bootstrap.min.css\">\n\n\n<ul class=\"pagination\">\n\t    \n\t\n\n<li >\n\t<a href='?page_no=6475'>Previous<\/a>\n\t<\/li>\n\n\n       \n    \n\n<li><a href='?page_no=1'>1<\/a><\/li>\n\n\n\n<li><a href='?page_no=2'>2<\/a><\/li>\n\n\n\n<li><a>...<\/a><\/li>\n\n\n\n<li><a href='?page_no=6474'>6474<\/a><\/li>\n\n\n\n<li><a href='?page_no=6475'>6475<\/a><\/li>\n\n\n\n<li class='active'><a>6476<\/a><\/li>\n\n\n\n<li><a href='?page_no=6477'>6477<\/a><\/li>\n\n\n\n<li><a href='?page_no=6478'>6478<\/a><\/li>\n\n\n\n<li><a>...<\/a><\/li>\n\n\n\n<li><a href='?page_no=36999'>36999<\/a><\/li>\n\n\n\n<li><a href='?page_no=37000'>37000<\/a><\/li>\n\n    \n\t\n\n<li >\n\t<a href='?page_no=6477'>Next<\/a>\n\t<\/li>\n\n\n    \n\n<li><a href='?page_no=37000'>Last &rsaquo;&rsaquo;<\/a><\/li>\n\n<\/ul>\n\n\n--><br \/>\n<\/body><\/p>\n","protected":false},"excerpt":{"rendered":"<p>Santo Domingo, R. D., 6 de marzo, 2018.- El Bloque Institucional Social Dem\u00f3crata (BIS) en declaraciones de prensa de su Direcci\u00f3n de Comunicaciones, afirm\u00f3 hoy que el Presidente Danilo Medina se ha hecho merecedor de un sitial de honor en la historia nacional. El Presidente Medina se ha entregado con verdadera pasi\u00f3n al desempe\u00f1o de [&hellip;]<\/p>\n","protected":false},"author":3,"featured_media":0,"comment_status":"open","ping_status":"open","sticky":false,"template":"","format":"standard","meta":{"footnotes":""},"categories":[22],"tags":[],"class_list":["post-171140","post","type-post","status-publish","format-standard","hentry","category-politica"],"_links":{"self":[{"href":"https:\/\/diariodominicano.com\/index.php?rest_route=\/wp\/v2\/posts\/171140","targetHints":{"allow":["GET"]}}],"collection":[{"href":"https:\/\/diariodominicano.com\/index.php?rest_route=\/wp\/v2\/posts"}],"about":[{"href":"https:\/\/diariodominicano.com\/index.php?rest_route=\/wp\/v2\/types\/post"}],"author":[{"embeddable":true,"href":"https:\/\/diariodominicano.com\/index.php?rest_route=\/wp\/v2\/users\/3"}],"replies":[{"embeddable":true,"href":"https:\/\/diariodominicano.com\/index.php?rest_route=%2Fwp%2Fv2%2Fcomments&post=171140"}],"version-history":[{"count":0,"href":"https:\/\/diariodominicano.com\/index.php?rest_route=\/wp\/v2\/posts\/171140\/revisions"}],"wp:attachment":[{"href":"https:\/\/diariodominicano.com\/index.php?rest_route=%2Fwp%2Fv2%2Fmedia&parent=171140"}],"wp:term":[{"taxonomy":"category","embeddable":true,"href":"https:\/\/diariodominicano.com\/index.php?rest_route=%2Fwp%2Fv2%2Fcategories&post=171140"},{"taxonomy":"post_tag","embeddable":true,"href":"https:\/\/diariodominicano.com\/index.php?rest_route=%2Fwp%2Fv2%2Ftags&post=171140"}],"curies":[{"name":"wp","href":"https:\/\/api.w.org\/{rel}","templated":true}]}}