{"id":171139,"date":"2018-03-06T10:17:42","date_gmt":"2018-03-06T10:17:42","guid":{"rendered":"http:\/\/diariodominicano.ddns.net\/?p=171139"},"modified":"2018-03-06T10:17:42","modified_gmt":"2018-03-06T10:17:42","slug":"mayoria-votantes-distrito-13-apoyan-reeleccion-espaillat","status":"publish","type":"post","link":"https:\/\/diariodominicano.com\/?p=171139","title":{"rendered":"Mayor\u00eda votantes Distrito 13 apoyan reelecci\u00f3n Espaillat"},"content":{"rendered":"<p><body><\/p>\n<p><img decoding=\"async\" src=\"img3\/Espaillat.jpg\" \/>  <\/p>\n<p> <span class=\"text1noticias\">Por Ram\u00f3n Mercedes<\/span><\/p>\n<p><span class=\"text1noticias\"> <\/span><\/p>\n<p><span class=\"text1noticias\">NUEVA YORK, 6 de marzo, 2018- La mayor\u00eda de las personas encuestadas este lunes en el Distrito 13 sobre la reelecci\u00f3n del congresista de origen criollo, Adriano Espaillat, manifestaron apoyarlo por el buen trabajo que viene desarrollando en beneficio de sus residentes. <\/span><\/p>\n<p><span class=\"text1noticias\"> <\/span><\/p>\n<p><span class=\"text1noticias\">A 139 residentes de dicho distrito, que abarca los sectores de Washington Heights, Inwood, Hamilton Heights, Morningside Heights, Hudson Heights, Central Harlem, East Harlem y Manhattanville, se le pregunt\u00f3: \u00bfUsted vota en las elecciones de NY; -si- apoya Ud. la reelecci\u00f3n de Adriano Espaillat para congresista nuevamente.<\/span><\/p>\n<p><span class=\"text1noticias\"> <\/span><\/p>\n<p><span class=\"text1noticias\">La cantidad de 91 (65.47%) de personas de diferentes etnias contest\u00f3 positivamente, 34 (24.46%) dijo que no y 14 (10.07%) no quiso contestar.<\/span><\/p>\n<p><span class=\"text1noticias\">  <\/span><\/p>\n<p><span class=\"text1noticias\">Los encuestados fueron escogidos al azar, sin importar color, raza, sexo, religi\u00f3n ni pa\u00eds de procedencia. Entre ellos figuraron afroamericanos, blancos, dominicanos, mexicanos, y puertorrique\u00f1os, entre otras razas.  <\/span><\/p>\n<p><span class=\"text1noticias\"> <\/span><\/p>\n<p><span class=\"text1noticias\">El trabajo de opini\u00f3n se llev\u00f3 a cabo en las avenidas Broadway, Saint Nicholas, Sherman y Dyckman en el Alto Manhattan; \u00c1msterdam con las calles 145, 135, 116 y 110; en la S\u00e9ptima y Octava avenida con la calle 125. <\/span><\/p>\n<p><span class=\"text1noticias\"> <\/span><\/p>\n<p><span class=\"text1noticias\">Espaillat, durante un masivo acto celebrado la noche del pasado domingo en el local del \u00abClub Dem\u00f3crata por un Cambio en el Norte de Manhattan\u00bb, expres\u00f3 ante profesionales, empresarios, pol\u00edticos, periodistas, comunitarios, eclesi\u00e1sticos, bodegueros, taxistas y ciudadanos comunes que necesita 1,500 firmas para oficializar su candidatura en la Junta de Elecciones <\/span><\/p>\n<p><span class=\"text1noticias\"> <\/span><\/p>\n<p><span class=\"text1noticias\">\u00abPero la meta es llegar a 20 mil para demostrar en Washington y a los republicanos la fuerza del liderazgo latino en su distrito y NY; les diremos a los republicanos \u00abes pa? fuera que van, se van ellos y sus colaboradores tambi\u00e9n\u00bb, a\u00f1adi\u00f3 el congresista, recibiendo prolongados aplausos. <\/span><\/p>\n<p><span class=\"text1noticias\"> <\/span><\/p>\n<p><span class=\"text1noticias\">Espaillat critic\u00f3 las pol\u00edticas migratoria, de salud, educaci\u00f3n, econ\u00f3mica y exterior de la Casa Blanca, recordando su firme postura contra pol\u00edticas discriminatorias e insensibles contra los inmigrantes. <\/span><\/p>\n<p><span class=\"text1noticias\"> <\/span><\/p>\n<p><span class=\"text1noticias\">En el evento hablaron Jaime Vargas, presidente del Club; el coordinador de la campa\u00f1a y l\u00edder distrital Manny de los Santos, los concejales Mark Levin y Bill Perkins, la l\u00edder comunitaria Mar\u00eda Luna,  representantes del liderazgo blanco, afroamericano y jud\u00edo del Alto Manhattan, quienes coincidieron en llamar a mantener la unidad y renovar los esfuerzos para que Espaillat siga en el congreso<\/span> de Estados Unidos.<\/p>\n<h6> 2018-03-06 10:17:42 <\/h6>\n<p><!--\n<link rel=\"stylesheet\" href=\"css\/bootstrap.min.css\">\n\n\n<ul class=\"pagination\">\n\t    \n\t\n\n<li >\n\t<a href='?page_no=6474'>Previous<\/a>\n\t<\/li>\n\n\n       \n    \n\n<li><a href='?page_no=1'>1<\/a><\/li>\n\n\n\n<li><a href='?page_no=2'>2<\/a><\/li>\n\n\n\n<li><a>...<\/a><\/li>\n\n\n\n<li><a href='?page_no=6473'>6473<\/a><\/li>\n\n\n\n<li><a href='?page_no=6474'>6474<\/a><\/li>\n\n\n\n<li class='active'><a>6475<\/a><\/li>\n\n\n\n<li><a href='?page_no=6476'>6476<\/a><\/li>\n\n\n\n<li><a href='?page_no=6477'>6477<\/a><\/li>\n\n\n\n<li><a>...<\/a><\/li>\n\n\n\n<li><a href='?page_no=36999'>36999<\/a><\/li>\n\n\n\n<li><a href='?page_no=37000'>37000<\/a><\/li>\n\n    \n\t\n\n<li >\n\t<a href='?page_no=6476'>Next<\/a>\n\t<\/li>\n\n\n    \n\n<li><a href='?page_no=37000'>Last &rsaquo;&rsaquo;<\/a><\/li>\n\n<\/ul>\n\n\n--><br \/>\n<\/body><\/p>\n","protected":false},"excerpt":{"rendered":"<p>Por Ram\u00f3n Mercedes NUEVA YORK, 6 de marzo, 2018- La mayor\u00eda de las personas encuestadas este lunes en el Distrito 13 sobre la reelecci\u00f3n del congresista de origen criollo, Adriano Espaillat, manifestaron apoyarlo por el buen trabajo que viene desarrollando en beneficio de sus residentes. A 139 residentes de dicho distrito, que abarca los sectores [&hellip;]<\/p>\n","protected":false},"author":3,"featured_media":0,"comment_status":"open","ping_status":"open","sticky":false,"template":"","format":"standard","meta":{"footnotes":""},"categories":[22],"tags":[],"class_list":["post-171139","post","type-post","status-publish","format-standard","hentry","category-politica"],"_links":{"self":[{"href":"https:\/\/diariodominicano.com\/index.php?rest_route=\/wp\/v2\/posts\/171139","targetHints":{"allow":["GET"]}}],"collection":[{"href":"https:\/\/diariodominicano.com\/index.php?rest_route=\/wp\/v2\/posts"}],"about":[{"href":"https:\/\/diariodominicano.com\/index.php?rest_route=\/wp\/v2\/types\/post"}],"author":[{"embeddable":true,"href":"https:\/\/diariodominicano.com\/index.php?rest_route=\/wp\/v2\/users\/3"}],"replies":[{"embeddable":true,"href":"https:\/\/diariodominicano.com\/index.php?rest_route=%2Fwp%2Fv2%2Fcomments&post=171139"}],"version-history":[{"count":0,"href":"https:\/\/diariodominicano.com\/index.php?rest_route=\/wp\/v2\/posts\/171139\/revisions"}],"wp:attachment":[{"href":"https:\/\/diariodominicano.com\/index.php?rest_route=%2Fwp%2Fv2%2Fmedia&parent=171139"}],"wp:term":[{"taxonomy":"category","embeddable":true,"href":"https:\/\/diariodominicano.com\/index.php?rest_route=%2Fwp%2Fv2%2Fcategories&post=171139"},{"taxonomy":"post_tag","embeddable":true,"href":"https:\/\/diariodominicano.com\/index.php?rest_route=%2Fwp%2Fv2%2Ftags&post=171139"}],"curies":[{"name":"wp","href":"https:\/\/api.w.org\/{rel}","templated":true}]}}