{"id":171137,"date":"2018-03-06T12:50:57","date_gmt":"2018-03-06T12:50:57","guid":{"rendered":"http:\/\/diariodominicano.ddns.net\/?p=171137"},"modified":"2018-03-06T12:50:57","modified_gmt":"2018-03-06T12:50:57","slug":"lula-espera-ser-juzgado-por-el-pueblo-en-las-urnas","status":"publish","type":"post","link":"https:\/\/diariodominicano.com\/?p=171137","title":{"rendered":"Lula espera ser juzgado por el pueblo en las urnas"},"content":{"rendered":"<p><body><\/p>\n<p><img decoding=\"async\" src=\"img3\/lula-caravana2.jpg\" \/>  <\/p>\n<p><strong><span class=\"text1noticias\">Brasilia, 6 mar (PL)<\/span><\/strong><span class=\"text1noticias\"> El expresidente de Brasil y fundador del Partido de los Trabajadores (PT) Luiz In\u00e1cio Lula da Silva manifest\u00f3 hoy su esperanza en que la justicia le permita ser juzgado por el pueblo en las urnas.<\/span><\/p>\n<p><span class=\"text1noticias\"> <\/span><\/p>\n<p><span class=\"text1noticias\">Espero que quienes van a juzgarme hoy en el Superior Tribunal de Justicia (STJ) hayan le\u00eddo el proceso, las acusaciones y la defensa, y permitan que el pueblo pueda juzgarme en octubre, manifest\u00f3 Lula en declaraciones a la radio Metr\u00f3pole, de Salvador de Bah\u00eda.<\/span><\/p>\n<p><span class=\"text1noticias\"> <\/span><\/p>\n<p><span class=\"text1noticias\">El exmandatario record\u00f3 que en el caso por el cual fue condenado a 12 a\u00f1os y un mes prisi\u00f3n, por recibir supuestas ventajas indebidas, \u00e9l demostr\u00f3 que el apartamento cuya propiedad pretenden atribuirle no es suyo.<\/span><\/p>\n<p><span class=\"text1noticias\"> <\/span><\/p>\n<p><span class=\"text1noticias\">&#8216;El d\u00eda en que la Polic\u00eda o el Ministerio P\u00fablico prueben que yo recib\u00ed un real (indebidamente) estar\u00e9 fuera de la vida p\u00fablica&#8217;, asever\u00f3.<\/span><\/p>\n<p><span class=\"text1noticias\"> <\/span><\/p>\n<p><span class=\"text1noticias\">Lula, quien dijo esperar que la justicia manifieste su buen sentido y prevalezca la verdad, reiter\u00f3 que considera que su candidatura para las elecciones presidenciales de octubre tendr\u00eda que ser registrada.<\/span><\/p>\n<p><span class=\"text1noticias\"> <\/span><\/p>\n<p><span class=\"text1noticias\">Con transmisi\u00f3n en vivo por primera vez en su historia, la Quinta Sala del STJ juzgar\u00e1 este martes el habeas corpus presentado por la defensa de Lula para que la condena a 12 a\u00f1os y un mes de c\u00e1rcel no se ejecute agotados los procedimientos en segunda instancia, como dispuso en enero una corte de Porto Alegre.<\/span><\/p>\n<p><span class=\"text1noticias\"> <\/span><\/p>\n<p><span class=\"text1noticias\">El Tribunal Regional Federal de la Cuarta Regi\u00f3n (TRF4), ubicado en la capital de R\u00edo Grande do Sul, no solo aument\u00f3 la pena inicial dictada contra Lula por el juez federal Sergio Moro, sino que dispuso que la prisi\u00f3n del expresidente podr\u00eda decretarse inmediatamente despu\u00e9s de apreciar all\u00ed los recursos especiales de la defensa.<\/span><\/p>\n<p><span class=\"text1noticias\"> <\/span><\/p>\n<p><span class=\"text1noticias\">La in\u00e9dita transmisi\u00f3n en vivo del juzgamiento del habeas corpus del exgobernante muestra la espectacularizaci\u00f3n (fen\u00f3meno en el tratamiento de la informaci\u00f3n) de la persecuci\u00f3n de la cual es v\u00edctima el petista, se\u00f1al\u00f3 en un comentario el diario digital Brasil 247.<\/span><\/p>\n<p><span class=\"text1noticias\"> <\/span><\/p>\n<p><span class=\"text1noticias\">Cit\u00f3 a un ministro del \u00e1rea penal del STJ, quien bajo condici\u00f3n de anonimato dijo que \u00e9sta es una exposici\u00f3n selectiva.<\/span><\/p>\n<p><span class=\"text1noticias\"> <\/span><\/p>\n<p><span class=\"text1noticias\">Por su parte, el editor del blog Palabra Libre, Davis Sena Filho, escribi\u00f3 la v\u00edspera que Lula tendr\u00e1 nuevamente hoy en el STJ &#8216;un juzgamiento injusto, selectivo y pol\u00edtico&#8217;.<\/span><\/p>\n<p><span class=\"text1noticias\"> <\/span><\/p>\n<p><span class=\"text1noticias\">Reynaldo Soares da Fonseca (presidente de la Quinta Sala del STJ), Felix Fischer, Jorge Mussi, Ribeiro Dantas y Joel Ilan Paciornik ir\u00e1n, estrat\u00e9gicamente, a seguir de manera irresponsable los malos pasos del TRF-4 y de Moro, y crear\u00e1n una mentira grande e indisoluble, se\u00f1al\u00f3 el bloguero.<\/span><\/p>\n<p><span class=\"text1noticias\"> <\/span><\/p>\n<p><span class=\"text1noticias\">Estos jueces, subray\u00f3, har\u00e1n del habeas corpus una plataforma electoral para atender los intereses de la derecha brasile\u00f1a, que conquist\u00f3 el poder una vez m\u00e1s de forma criminal, vali\u00e9ndose de la manipulaci\u00f3n del derecho para asumir el control del Estado.<\/span><\/p>\n<h6> 2018-03-06 12:50:57 <\/h6>\n<p><!--\n<link rel=\"stylesheet\" href=\"css\/bootstrap.min.css\">\n\n\n<ul class=\"pagination\">\n\t    \n\t\n\n<li >\n\t<a href='?page_no=6472'>Previous<\/a>\n\t<\/li>\n\n\n       \n    \n\n<li><a href='?page_no=1'>1<\/a><\/li>\n\n\n\n<li><a href='?page_no=2'>2<\/a><\/li>\n\n\n\n<li><a>...<\/a><\/li>\n\n\n\n<li><a href='?page_no=6471'>6471<\/a><\/li>\n\n\n\n<li><a href='?page_no=6472'>6472<\/a><\/li>\n\n\n\n<li class='active'><a>6473<\/a><\/li>\n\n\n\n<li><a href='?page_no=6474'>6474<\/a><\/li>\n\n\n\n<li><a href='?page_no=6475'>6475<\/a><\/li>\n\n\n\n<li><a>...<\/a><\/li>\n\n\n\n<li><a href='?page_no=36999'>36999<\/a><\/li>\n\n\n\n<li><a href='?page_no=37000'>37000<\/a><\/li>\n\n    \n\t\n\n<li >\n\t<a href='?page_no=6474'>Next<\/a>\n\t<\/li>\n\n\n    \n\n<li><a href='?page_no=37000'>Last &rsaquo;&rsaquo;<\/a><\/li>\n\n<\/ul>\n\n\n--><br \/>\n<\/body><\/p>\n","protected":false},"excerpt":{"rendered":"<p>Brasilia, 6 mar (PL) El expresidente de Brasil y fundador del Partido de los Trabajadores (PT) Luiz In\u00e1cio Lula da Silva manifest\u00f3 hoy su esperanza en que la justicia le permita ser juzgado por el pueblo en las urnas. Espero que quienes van a juzgarme hoy en el Superior Tribunal de Justicia (STJ) hayan le\u00eddo [&hellip;]<\/p>\n","protected":false},"author":3,"featured_media":0,"comment_status":"open","ping_status":"open","sticky":false,"template":"","format":"standard","meta":{"footnotes":""},"categories":[22],"tags":[],"class_list":["post-171137","post","type-post","status-publish","format-standard","hentry","category-politica"],"_links":{"self":[{"href":"https:\/\/diariodominicano.com\/index.php?rest_route=\/wp\/v2\/posts\/171137","targetHints":{"allow":["GET"]}}],"collection":[{"href":"https:\/\/diariodominicano.com\/index.php?rest_route=\/wp\/v2\/posts"}],"about":[{"href":"https:\/\/diariodominicano.com\/index.php?rest_route=\/wp\/v2\/types\/post"}],"author":[{"embeddable":true,"href":"https:\/\/diariodominicano.com\/index.php?rest_route=\/wp\/v2\/users\/3"}],"replies":[{"embeddable":true,"href":"https:\/\/diariodominicano.com\/index.php?rest_route=%2Fwp%2Fv2%2Fcomments&post=171137"}],"version-history":[{"count":0,"href":"https:\/\/diariodominicano.com\/index.php?rest_route=\/wp\/v2\/posts\/171137\/revisions"}],"wp:attachment":[{"href":"https:\/\/diariodominicano.com\/index.php?rest_route=%2Fwp%2Fv2%2Fmedia&parent=171137"}],"wp:term":[{"taxonomy":"category","embeddable":true,"href":"https:\/\/diariodominicano.com\/index.php?rest_route=%2Fwp%2Fv2%2Fcategories&post=171137"},{"taxonomy":"post_tag","embeddable":true,"href":"https:\/\/diariodominicano.com\/index.php?rest_route=%2Fwp%2Fv2%2Ftags&post=171137"}],"curies":[{"name":"wp","href":"https:\/\/api.w.org\/{rel}","templated":true}]}}