{"id":171136,"date":"2018-03-06T12:59:10","date_gmt":"2018-03-06T12:59:10","guid":{"rendered":"http:\/\/diariodominicano.ddns.net\/?p=171136"},"modified":"2018-03-06T12:59:10","modified_gmt":"2018-03-06T12:59:10","slug":"vicesecretario-general-del-pld-alejandro-herrera-el-mejor-de-los-candidatos-es-un-buen-gobierno","status":"publish","type":"post","link":"https:\/\/diariodominicano.com\/?p=171136","title":{"rendered":"Vicesecretario general del PLD, Alejandro Herrera: \u00abEl mejor de los candidatos es un buen gobierno\u00bb"},"content":{"rendered":"<p><body><\/p>\n<p><img decoding=\"async\" src=\"img3\/insti11.jpg\" \/>  <\/p>\n<p>Alejandro Herrera, vicesecretario general del Partido de la Liberaci\u00f3n Dominicana (PLD),   defini\u00f3 esa organizaci\u00f3n pol\u00edtica como la  que mayor sentido de institucionalidad tiene en el esquema partidario y como tal,  en sus filas predomina la convivencia de su liderazgo.<\/p>\n<\/p>\n<p>\u00abEs el \u00fanico partido que hoy en d\u00eda puede exhibir una institucionalidad y un desempe\u00f1o como organizaci\u00f3n pol\u00edtica que respeta las reglas de juego internas\u00bb respondi\u00f3 as\u00ed la pregunta de si el partido morado est\u00e1 dividido en dos corrientes de simpat\u00edas.<\/p>\n<\/p>\n<p>Explic\u00f3 que se conoce la incidencia de dos grandes liderazgos,  el que representa el ex presidente Leonel Fern\u00e1ndez, Presidente del PLD y el representado por Danilo Medina, Presidente de la Republica: \u00abEn el PLD hay convivencia y un reino de la institucionalidad. En el Partido hay dos l\u00edderes y un presidente del gobierno, que tiene el dominio de un escenario pol\u00edtico, lo  que qued\u00f3 demostrado en su comparecencia el pasado 27 de febrero en el Congreso Nacional\u00bb.<\/p>\n<\/p>\n<p>De inmediato Alejandro Herrera ponder\u00f3 el discurso pronunciado en la reuni\u00f3n conjunta de senadores y diputados en el 174 aniversario de la Independencia Nacional, con el que, afirm\u00f3,  qued\u00f3 demostrado la condici\u00f3n de estadista que re\u00fane Danilo Medina, se destaca en la rese\u00f1a period\u00edstica divulgada por la Secretaria de Comunicaciones del PLD.<\/p>\n<\/p>\n<p>Apunt\u00f3 que el mandatario en la actualidad se ubica en  el mejor dominio de la situaci\u00f3n pol\u00edtico, social y econ\u00f3mico del pa\u00eds, explicando  que la oposici\u00f3n partidaria  siempre tiene que jugar su rol, pero que nadie osa en negar que el Presidente es un incansable trabajador. No tiene vacaciones, no tiene d\u00edas de fiesta, que cuando sale al exterior regresa el mismo d\u00eda.<\/p>\n<\/p>\n<p>\u00abEl discurso del Presidente Medina fue un discurso objetivo, que se correspond\u00eda con la realidad. \u00c9ste es un pa\u00eds que va hacia adelante, tiene cerca de 15 a\u00f1os de forma sostenida creciendo econ\u00f3micamente en medio de la estabilidad de su macroeconom\u00eda\u00bb, apunt\u00f3.<\/p>\n<\/p>\n<p>Al ser preguntado por los conductores del programa de televisi\u00f3n \u00abAl Filo\u00bb sobre el posible candidato del Partido de la Liberaci\u00f3n Dominicana en las elecciones del 2020, Alejandro Herrera respondi\u00f3 apuntando que \u00abel mejor de los candidatos es un buen gobierno\u00bb<\/p>\n<\/p>\n<p>En ese sentido apunto que la principal tarea  de los miembros y dirigentes del PLD, as\u00ed como de los ciudadanos y ciudadanas que se han identificado con sus ejecutorias es \u00abcolaborar para que el Presidente Danilo Medina contin\u00fae desarrollando una gesti\u00f3n de gobierno exitosa\u00bb, concluy\u00f3.<\/p>\n<h6> 2018-03-06 12:59:10 <\/h6>\n<p><!--\n<link rel=\"stylesheet\" href=\"css\/bootstrap.min.css\">\n\n\n<ul class=\"pagination\">\n\t    \n\t\n\n<li >\n\t<a href='?page_no=6471'>Previous<\/a>\n\t<\/li>\n\n\n       \n    \n\n<li><a href='?page_no=1'>1<\/a><\/li>\n\n\n\n<li><a href='?page_no=2'>2<\/a><\/li>\n\n\n\n<li><a>...<\/a><\/li>\n\n\n\n<li><a href='?page_no=6470'>6470<\/a><\/li>\n\n\n\n<li><a href='?page_no=6471'>6471<\/a><\/li>\n\n\n\n<li class='active'><a>6472<\/a><\/li>\n\n\n\n<li><a href='?page_no=6473'>6473<\/a><\/li>\n\n\n\n<li><a href='?page_no=6474'>6474<\/a><\/li>\n\n\n\n<li><a>...<\/a><\/li>\n\n\n\n<li><a href='?page_no=36999'>36999<\/a><\/li>\n\n\n\n<li><a href='?page_no=37000'>37000<\/a><\/li>\n\n    \n\t\n\n<li >\n\t<a href='?page_no=6473'>Next<\/a>\n\t<\/li>\n\n\n    \n\n<li><a href='?page_no=37000'>Last &rsaquo;&rsaquo;<\/a><\/li>\n\n<\/ul>\n\n\n--><br \/>\n<\/body><\/p>\n","protected":false},"excerpt":{"rendered":"<p>Alejandro Herrera, vicesecretario general del Partido de la Liberaci\u00f3n Dominicana (PLD), defini\u00f3 esa organizaci\u00f3n pol\u00edtica como la que mayor sentido de institucionalidad tiene en el esquema partidario y como tal, en sus filas predomina la convivencia de su liderazgo. \u00abEs el \u00fanico partido que hoy en d\u00eda puede exhibir una institucionalidad y un desempe\u00f1o como [&hellip;]<\/p>\n","protected":false},"author":3,"featured_media":0,"comment_status":"open","ping_status":"open","sticky":false,"template":"","format":"standard","meta":{"footnotes":""},"categories":[22],"tags":[],"class_list":["post-171136","post","type-post","status-publish","format-standard","hentry","category-politica"],"_links":{"self":[{"href":"https:\/\/diariodominicano.com\/index.php?rest_route=\/wp\/v2\/posts\/171136","targetHints":{"allow":["GET"]}}],"collection":[{"href":"https:\/\/diariodominicano.com\/index.php?rest_route=\/wp\/v2\/posts"}],"about":[{"href":"https:\/\/diariodominicano.com\/index.php?rest_route=\/wp\/v2\/types\/post"}],"author":[{"embeddable":true,"href":"https:\/\/diariodominicano.com\/index.php?rest_route=\/wp\/v2\/users\/3"}],"replies":[{"embeddable":true,"href":"https:\/\/diariodominicano.com\/index.php?rest_route=%2Fwp%2Fv2%2Fcomments&post=171136"}],"version-history":[{"count":0,"href":"https:\/\/diariodominicano.com\/index.php?rest_route=\/wp\/v2\/posts\/171136\/revisions"}],"wp:attachment":[{"href":"https:\/\/diariodominicano.com\/index.php?rest_route=%2Fwp%2Fv2%2Fmedia&parent=171136"}],"wp:term":[{"taxonomy":"category","embeddable":true,"href":"https:\/\/diariodominicano.com\/index.php?rest_route=%2Fwp%2Fv2%2Fcategories&post=171136"},{"taxonomy":"post_tag","embeddable":true,"href":"https:\/\/diariodominicano.com\/index.php?rest_route=%2Fwp%2Fv2%2Ftags&post=171136"}],"curies":[{"name":"wp","href":"https:\/\/api.w.org\/{rel}","templated":true}]}}