{"id":171135,"date":"2018-03-06T13:02:32","date_gmt":"2018-03-06T13:02:32","guid":{"rendered":"http:\/\/diariodominicano.ddns.net\/?p=171135"},"modified":"2018-03-06T13:02:32","modified_gmt":"2018-03-06T13:02:32","slug":"prd-homenajea-a-pena-gomez-en-aniversario-nacimiento","status":"publish","type":"post","link":"https:\/\/diariodominicano.com\/?p=171135","title":{"rendered":"PRD homenajea a Pe\u00f1a G\u00f3mez en aniversario nacimiento"},"content":{"rendered":"<p><body><\/p>\n<p><img decoding=\"async\" src=\"img3\/pgome.jpg\" \/>  <\/p>\n<p>SANTO DOMINGO.- Jos\u00e9 Francisco Pe\u00f1a G\u00f3mez fue calificado este martes como \u00abun pol\u00edtico excepcional y un ser humano extraordinario que convirti\u00f3 al Partido Revolucionario Dominicano (PRD) en la esperanza de todos los dominicanos\u00bb.<\/p>\n<\/p>\n<p>Miguel Vargas Maldonado, presidente del PRD, dio el calificativo al concluir la misa oficiada por el sacerdote Manuel Antonio Garc\u00eda en la parroquia cat\u00f3lica Jesucristo Sumo y Eterno Sacerdote, de la urbanizaci\u00f3n Real, con la cual esa organizaci\u00f3n record\u00f3 a su fenecido dirigente.<\/p>\n<\/p>\n<p>\u00abComo pol\u00edtico trascendi\u00f3 nuestra frontera y fue un l\u00edder nacional ?el m\u00e1s grande de masas- y fue un l\u00edder internacional, ocupando posiciones importantes en la Internacional Socialista y teniendo relaciones con grandes estadistas y figuras de todo el mundo\u00bb, destac\u00f3 Vargas Maldonado.<\/p>\n<\/p>\n<p>Destac\u00f3 que Pe\u00f1a G\u00f3mez \u00abfue tambi\u00e9n maestro, gran orador y  poliglota, pero sobre todo fue un hombre solidario, humanista, que se entreg\u00f3 y dio su vida por el pueblo dominicano\u00bb.<\/p>\n<\/p>\n<p>Apunt\u00f3 que \u00aba \u00e9l  y otros compa\u00f1eros, algunos de los cuales  se encuentran con nosotros y otros ya no est\u00e1n, debemos la consolidaci\u00f3n de la democracia y de la libertad de nuestro pueblo\u00bb.<\/p>\n<\/p>\n<p>Vargas Maldonado, quien habl\u00f3 ante centenares de personas que llenaron el templo cat\u00f3lico, dijo que Pe\u00f1a G\u00f3mez ?nacido en 1937 y fallecido en 1998- \u00abfue un l\u00edder comprometido con los mejores intereses de la naci\u00f3n dominicana y entend\u00eda que la v\u00eda m\u00e1s adecuada para lograr el bienestar y la prosperidad del pueblo lo era la inversi\u00f3n en la gente\u00bb.<\/p>\n<\/p>\n<p>En su exposici\u00f3n, el presidente del PRD elogi\u00f3 tambi\u00e9n la  capacidad de perd\u00f3n de Pe\u00f1a G\u00f3mez y afirm\u00f3 que \u00abperdon\u00f3 grandes ofensas e ignor\u00f3 grandes ataques y cuando hubo de asumir una posici\u00f3n de respuesta a lo que fue  el despojo de una candidatura presidencial en 1994, en vez de convocar a la calle al pueblo lo convoc\u00f3 a la iglesia\u00bb.<\/p>\n<\/p>\n<p>Consider\u00f3 que el mayor homenaje que se puede hacer al l\u00edder fenecido es trabajar por el fortalecimiento y crecimiento del PRD y  por el bienestar del pueblo dominicano.<\/p>\n<\/p>\n<p>La se\u00f1ora Peggy Cabral, viuda de Pe\u00f1a G\u00f3mez, habl\u00f3 en el acto religioso, en el que estuvieron presentes Cristal y Tony Pe\u00f1a Guaba, hijos del homenajeado,  as\u00ed como  dirigentes de distintos niveles, entre ellos Rafael V\u00e1squez, Rafael Suberv\u00ed Bonilla, Neney Cabrera,  Julio Mar\u00ed\u00f1ez y Ram\u00f3n S\u00e1nchez, entre otros.  <\/p>\n<\/p>\n<p>Las actividades del partido blanco en esta ocasi\u00f3n incluyeron una ofrenda floral en el busto de Pe\u00f1a G\u00f3mez en la Casa Nacional del PRD, en la avenida Winston Churchill, y la visita de una comitiva a su tumba en el cementerio Cristo Redentor.<\/p>\n<h6> 2018-03-06 13:02:32 <\/h6>\n<p><!--\n<link rel=\"stylesheet\" href=\"css\/bootstrap.min.css\">\n\n\n<ul class=\"pagination\">\n\t    \n\t\n\n<li >\n\t<a href='?page_no=6470'>Previous<\/a>\n\t<\/li>\n\n\n       \n    \n\n<li><a href='?page_no=1'>1<\/a><\/li>\n\n\n\n<li><a href='?page_no=2'>2<\/a><\/li>\n\n\n\n<li><a>...<\/a><\/li>\n\n\n\n<li><a href='?page_no=6469'>6469<\/a><\/li>\n\n\n\n<li><a href='?page_no=6470'>6470<\/a><\/li>\n\n\n\n<li class='active'><a>6471<\/a><\/li>\n\n\n\n<li><a href='?page_no=6472'>6472<\/a><\/li>\n\n\n\n<li><a href='?page_no=6473'>6473<\/a><\/li>\n\n\n\n<li><a>...<\/a><\/li>\n\n\n\n<li><a href='?page_no=36999'>36999<\/a><\/li>\n\n\n\n<li><a href='?page_no=37000'>37000<\/a><\/li>\n\n    \n\t\n\n<li >\n\t<a href='?page_no=6472'>Next<\/a>\n\t<\/li>\n\n\n    \n\n<li><a href='?page_no=37000'>Last &rsaquo;&rsaquo;<\/a><\/li>\n\n<\/ul>\n\n\n--><br \/>\n<\/body><\/p>\n","protected":false},"excerpt":{"rendered":"<p>SANTO DOMINGO.- Jos\u00e9 Francisco Pe\u00f1a G\u00f3mez fue calificado este martes como \u00abun pol\u00edtico excepcional y un ser humano extraordinario que convirti\u00f3 al Partido Revolucionario Dominicano (PRD) en la esperanza de todos los dominicanos\u00bb. Miguel Vargas Maldonado, presidente del PRD, dio el calificativo al concluir la misa oficiada por el sacerdote Manuel Antonio Garc\u00eda en la [&hellip;]<\/p>\n","protected":false},"author":3,"featured_media":0,"comment_status":"open","ping_status":"open","sticky":false,"template":"","format":"standard","meta":{"footnotes":""},"categories":[22],"tags":[],"class_list":["post-171135","post","type-post","status-publish","format-standard","hentry","category-politica"],"_links":{"self":[{"href":"https:\/\/diariodominicano.com\/index.php?rest_route=\/wp\/v2\/posts\/171135","targetHints":{"allow":["GET"]}}],"collection":[{"href":"https:\/\/diariodominicano.com\/index.php?rest_route=\/wp\/v2\/posts"}],"about":[{"href":"https:\/\/diariodominicano.com\/index.php?rest_route=\/wp\/v2\/types\/post"}],"author":[{"embeddable":true,"href":"https:\/\/diariodominicano.com\/index.php?rest_route=\/wp\/v2\/users\/3"}],"replies":[{"embeddable":true,"href":"https:\/\/diariodominicano.com\/index.php?rest_route=%2Fwp%2Fv2%2Fcomments&post=171135"}],"version-history":[{"count":0,"href":"https:\/\/diariodominicano.com\/index.php?rest_route=\/wp\/v2\/posts\/171135\/revisions"}],"wp:attachment":[{"href":"https:\/\/diariodominicano.com\/index.php?rest_route=%2Fwp%2Fv2%2Fmedia&parent=171135"}],"wp:term":[{"taxonomy":"category","embeddable":true,"href":"https:\/\/diariodominicano.com\/index.php?rest_route=%2Fwp%2Fv2%2Fcategories&post=171135"},{"taxonomy":"post_tag","embeddable":true,"href":"https:\/\/diariodominicano.com\/index.php?rest_route=%2Fwp%2Fv2%2Ftags&post=171135"}],"curies":[{"name":"wp","href":"https:\/\/api.w.org\/{rel}","templated":true}]}}