{"id":171134,"date":"2018-03-06T13:05:26","date_gmt":"2018-03-06T13:05:26","guid":{"rendered":"http:\/\/diariodominicano.ddns.net\/?p=171134"},"modified":"2018-03-06T13:05:26","modified_gmt":"2018-03-06T13:05:26","slug":"diego-jose-garcia-presidente-de-dignidad-juridica-promete-gestion-para-servir-al-pueblo-y-al-pld","status":"publish","type":"post","link":"https:\/\/diariodominicano.com\/?p=171134","title":{"rendered":"Diego Jos\u00e9 Garc\u00eda, Presidente de Dignidad Jur\u00eddica,  promete gesti\u00f3n para servir al pueblo y al PLD"},"content":{"rendered":"<p><body><\/p>\n<p><img decoding=\"async\" src=\"img3\/diego1.jpg\" \/>  <\/p>\n<p>El nuevo presidente de la corriente gremial Dignidad Jur\u00eddica, Diego Jos\u00e9 Garc\u00eda, orientada por el Partido de la Liberaci\u00f3n Dominicana, prometi\u00f3 realizar una gesti\u00f3n de la mano con la sociedad dominicana, sirvi\u00e9ndole al pueblo y al partido.<\/p>\n<\/p>\n<p>La promesa fue hecha por  Garc\u00eda en el acto de juramentaci\u00f3n de la nueva directiva que se llev\u00f3 a cabo en la Casa Nacional del PLD en el que se comprometi\u00f3 tambi\u00e9n a conformar una corriente gremial debidamente organizada y con un programa de formaci\u00f3n de las distintas ramas del derecho.<\/p>\n<\/p>\n<p>Garc\u00eda dijo que esta corriente gremial elegida para el per\u00edodo 2018-2020 tendr\u00e1 tres ejes tem\u00e1ticos de desarrollo, explicando que el primero de esos  ejes estar\u00e1 enfocado en reorganizar la corriente  en los 155 municipios que integran la Rep\u00fablica Dominicana, as\u00ed como en las tres circunscripciones del Distrito Nacional.<\/p>\n<\/p>\n<p>\u00abSer\u00e1 a trav\u00e9s de elecciones que se celebraran en cada municipio. Le vamos a exigir a esa directiva que para  legitimarse,  se le exigir\u00e1 un m\u00ednimo de 15 abogados y un m\u00e1ximo de 31, a los fines de que esa direcci\u00f3n municipal cuente con una estructura que se denominara Direcci\u00f3n de Base\u00bb, adelant\u00f3.<\/p>\n<\/p>\n<p>\u00abYa la pantalla y los bultos en esta gesti\u00f3n no existir\u00e1n. Los cargos no ser\u00e1n se\u00f1alados sino demuestran una verdadera integraci\u00f3n por el trabajo gremial como lo quiere esta Secretar\u00eda, agreg\u00f3.<\/p>\n<\/p>\n<p>Expres\u00f3 que el segundo eje tem\u00e1tico va dirigido a la creaci\u00f3n del Instituto Nacional de Formaci\u00f3n Jur\u00eddica que tendr\u00e1 como par\u00e1metro el Instituto Jur\u00eddico de Francia, donde preparar\u00e1n los abogados y abogadas por especialidades.<\/p>\n<\/p>\n<p>\u00abVamos  a preparar a los abogados del Partido de la Liberaci\u00f3n Dominicana que quieran solamente ejercer el derecho penal, el derecho administrativo, constitucional, laboral, y otros para que de esta forma esta corriente le aporte al PLD los mejores abogados en esas a\u00e9reas\u00bb, a\u00f1adiendo que para tales fines har\u00e1n alianzas con las mejores universidades nacional e internacional.<\/p>\n<\/p>\n<p>Expuso que el tercer y \u00faltimo eje tem\u00e1tico est\u00e1 destinado a lo que se denominar\u00e1 Dignidad Jur\u00eddica con el Pueblo, programa de apoyo a la organizaci\u00f3n y el crecimiento del PLD y la promoci\u00f3n de su candidatura presidencial.<\/p>\n<h6> 2018-03-06 13:05:26 <\/h6>\n<p><!--\n<link rel=\"stylesheet\" href=\"css\/bootstrap.min.css\">\n\n\n<ul class=\"pagination\">\n\t    \n\t\n\n<li >\n\t<a href='?page_no=6469'>Previous<\/a>\n\t<\/li>\n\n\n       \n    \n\n<li><a href='?page_no=1'>1<\/a><\/li>\n\n\n\n<li><a href='?page_no=2'>2<\/a><\/li>\n\n\n\n<li><a>...<\/a><\/li>\n\n\n\n<li><a href='?page_no=6468'>6468<\/a><\/li>\n\n\n\n<li><a href='?page_no=6469'>6469<\/a><\/li>\n\n\n\n<li class='active'><a>6470<\/a><\/li>\n\n\n\n<li><a href='?page_no=6471'>6471<\/a><\/li>\n\n\n\n<li><a href='?page_no=6472'>6472<\/a><\/li>\n\n\n\n<li><a>...<\/a><\/li>\n\n\n\n<li><a href='?page_no=36999'>36999<\/a><\/li>\n\n\n\n<li><a href='?page_no=37000'>37000<\/a><\/li>\n\n    \n\t\n\n<li >\n\t<a href='?page_no=6471'>Next<\/a>\n\t<\/li>\n\n\n    \n\n<li><a href='?page_no=37000'>Last &rsaquo;&rsaquo;<\/a><\/li>\n\n<\/ul>\n\n\n--><br \/>\n<\/body><\/p>\n","protected":false},"excerpt":{"rendered":"<p>El nuevo presidente de la corriente gremial Dignidad Jur\u00eddica, Diego Jos\u00e9 Garc\u00eda, orientada por el Partido de la Liberaci\u00f3n Dominicana, prometi\u00f3 realizar una gesti\u00f3n de la mano con la sociedad dominicana, sirvi\u00e9ndole al pueblo y al partido. La promesa fue hecha por Garc\u00eda en el acto de juramentaci\u00f3n de la nueva directiva que se llev\u00f3 [&hellip;]<\/p>\n","protected":false},"author":3,"featured_media":0,"comment_status":"open","ping_status":"open","sticky":false,"template":"","format":"standard","meta":{"footnotes":""},"categories":[22],"tags":[],"class_list":["post-171134","post","type-post","status-publish","format-standard","hentry","category-politica"],"_links":{"self":[{"href":"https:\/\/diariodominicano.com\/index.php?rest_route=\/wp\/v2\/posts\/171134","targetHints":{"allow":["GET"]}}],"collection":[{"href":"https:\/\/diariodominicano.com\/index.php?rest_route=\/wp\/v2\/posts"}],"about":[{"href":"https:\/\/diariodominicano.com\/index.php?rest_route=\/wp\/v2\/types\/post"}],"author":[{"embeddable":true,"href":"https:\/\/diariodominicano.com\/index.php?rest_route=\/wp\/v2\/users\/3"}],"replies":[{"embeddable":true,"href":"https:\/\/diariodominicano.com\/index.php?rest_route=%2Fwp%2Fv2%2Fcomments&post=171134"}],"version-history":[{"count":0,"href":"https:\/\/diariodominicano.com\/index.php?rest_route=\/wp\/v2\/posts\/171134\/revisions"}],"wp:attachment":[{"href":"https:\/\/diariodominicano.com\/index.php?rest_route=%2Fwp%2Fv2%2Fmedia&parent=171134"}],"wp:term":[{"taxonomy":"category","embeddable":true,"href":"https:\/\/diariodominicano.com\/index.php?rest_route=%2Fwp%2Fv2%2Fcategories&post=171134"},{"taxonomy":"post_tag","embeddable":true,"href":"https:\/\/diariodominicano.com\/index.php?rest_route=%2Fwp%2Fv2%2Ftags&post=171134"}],"curies":[{"name":"wp","href":"https:\/\/api.w.org\/{rel}","templated":true}]}}